{"id":13363,"date":"2020-07-14T13:23:05","date_gmt":"2020-07-14T13:23:05","guid":{"rendered":"https:\/\/www.radiopresidenteibanez.cl\/web\/?p=13363"},"modified":"2020-07-14T13:23:09","modified_gmt":"2020-07-14T13:23:09","slug":"hospital-clinico-magallanes-recibe-donacion-de-cubiculos-para-manejo-de-intubacion-segura-en-pacientes-criticos-por-parte-de-aguas-magallanes","status":"publish","type":"post","link":"https:\/\/www.radiopresidenteibanez.cl\/web\/hospital-clinico-magallanes-recibe-donacion-de-cubiculos-para-manejo-de-intubacion-segura-en-pacientes-criticos-por-parte-de-aguas-magallanes\/","title":{"rendered":"HOSPITAL CL\u00cdNICO MAGALLANES RECIBE DONACI\u00d3N DE CUB\u00cdCULOS PARA MANEJO DE INTUBACI\u00d3N SEGURA EN PACIENTES CR\u00cdTICOS POR PARTE DE AGUAS MAGALLANES"},"content":{"rendered":"\n<p>La empresa regional Aguas Magallanes \u00a0realiz\u00f3 la entrega de cub\u00edculos de acr\u00edlico para la intubaci\u00f3n de pacientes respiratorios graves al Hospital Cl\u00ednico Magallanes (HCM),\u00a0 equipamiento que refuerza seguridad y protecci\u00f3n para el personal de salud en el contexto de pandemia actual.<\/p>\n\n\n\n<p>La intubaci\u00f3n traqueal,&nbsp; es la colocaci\u00f3n de un tubo de pl\u00e1stico flexible en la tr\u00e1quea para mantener una v\u00eda a\u00e9rea abierta o para servir como un conducto a trav\u00e9s del cual administrar ciertos medicamentos. En ese sentido el Dr. Marco B\u00e1ez, Jefe T\u00e9cnico UPC HCM agreg\u00f3 que: \u201cEstas cajas tienen la caracter\u00edstica que, debido a que la intubaci\u00f3n es un proceso de alto riesgo, esta genera aerosoles por lo que los cub\u00edculos fueron pensados para hacer la intubaci\u00f3n m\u00e1s segura para el personal de salud ya que tienen dispositivos que permiten introducir los brazos&nbsp; y poder aislar la v\u00eda a\u00e9rea del paciente\u201d.<\/p>\n\n\n\n<p>En tanto, el Director HCM Ricardo Contreras Fa\u00fandez agradeci\u00f3 la entrega se\u00f1alando que: \u201cLa oportunidad de contar con estos elementos van a facilitar a la tarea que cumplen nuestro profesionales que desarrollan actividad en la unidad de paciente cr\u00edtico donde sabemos que van los pacientes m\u00e1s complejos, queremos reconocer y valorar el compromiso que tiene Aguas Magallanes con la salud p\u00fablica y agradecer a nombre de todo nuestro hospital\u201d<\/p>\n\n\n\n<p>Finalmente, Wladimir Gil Herrera, gerente de Operaciones e Infraestructura Aguas Magallanes &nbsp;agreg\u00f3: \u201cAguas Magallanes est\u00e1 muy preocupada por la condici\u00f3n que est\u00e1 ocurriendo a ra\u00edz de la pandemia, es por ello, que estamos conscientes&nbsp; que este tipo de elementos&nbsp; -que son cabinas para la entubaci\u00f3n de pacientes- es muy importante en estos momentos, a pesar que estamos de alguna forma optimistas porque la condici\u00f3n dentro de la regi\u00f3n de Magallanes ha disminuido de forma considerable. Sin embargo sabemos que este tipo de elementos puede ayudar mucho&nbsp; a la labor que desempe\u00f1an en el hospital. Aguas Magallanes considera muy relevante&nbsp; este tipo de apoyos a la comunidad\u201d.&nbsp;<\/p>\n","protected":false},"excerpt":{"rendered":"<p>La empresa regional Aguas Magallanes \u00a0realiz\u00f3 la entrega de cub\u00edculos de acr\u00edlico para la intubaci\u00f3n de pacientes respiratorios graves al Hospital Cl\u00ednico Magallanes (HCM),\u00a0 equipamiento que refuerza seguridad y protecci\u00f3n&#8230; <a class=\"read-more\" href=\"https:\/\/www.radiopresidenteibanez.cl\/web\/hospital-clinico-magallanes-recibe-donacion-de-cubiculos-para-manejo-de-intubacion-segura-en-pacientes-criticos-por-parte-de-aguas-magallanes\/\">Leer m\u00e1s<\/a><\/p>\n","protected":false},"author":2,"featured_media":13364,"comment_status":"closed","ping_status":"closed","sticky":false,"template":"","format":"standard","meta":{"footnotes":""},"categories":[1],"tags":[],"class_list":["post-13363","post","type-post","status-publish","format-standard","has-post-thumbnail","hentry","category-cronica"],"_links":{"self":[{"href":"https:\/\/www.radiopresidenteibanez.cl\/web\/wp-json\/wp\/v2\/posts\/13363","targetHints":{"allow":["GET"]}}],"collection":[{"href":"https:\/\/www.radiopresidenteibanez.cl\/web\/wp-json\/wp\/v2\/posts"}],"about":[{"href":"https:\/\/www.radiopresidenteibanez.cl\/web\/wp-json\/wp\/v2\/types\/post"}],"author":[{"embeddable":true,"href":"https:\/\/www.radiopresidenteibanez.cl\/web\/wp-json\/wp\/v2\/users\/2"}],"replies":[{"embeddable":true,"href":"https:\/\/www.radiopresidenteibanez.cl\/web\/wp-json\/wp\/v2\/comments?post=13363"}],"version-history":[{"count":0,"href":"https:\/\/www.radiopresidenteibanez.cl\/web\/wp-json\/wp\/v2\/posts\/13363\/revisions"}],"wp:featuredmedia":[{"embeddable":true,"href":"https:\/\/www.radiopresidenteibanez.cl\/web\/wp-json\/wp\/v2\/media\/13364"}],"wp:attachment":[{"href":"https:\/\/www.radiopresidenteibanez.cl\/web\/wp-json\/wp\/v2\/media?parent=13363"}],"wp:term":[{"taxonomy":"category","embeddable":true,"href":"https:\/\/www.radiopresidenteibanez.cl\/web\/wp-json\/wp\/v2\/categories?post=13363"},{"taxonomy":"post_tag","embeddable":true,"href":"https:\/\/www.radiopresidenteibanez.cl\/web\/wp-json\/wp\/v2\/tags?post=13363"}],"curies":[{"name":"wp","href":"https:\/\/api.w.org\/{rel}","templated":true}]}}