{"id":13359,"date":"2020-07-13T20:10:25","date_gmt":"2020-07-13T20:10:25","guid":{"rendered":"https:\/\/www.radiopresidenteibanez.cl\/web\/?p=13359"},"modified":"2020-07-13T20:22:42","modified_gmt":"2020-07-13T20:22:42","slug":"educadoras-de-parvulo-podran-capacitarse-en-indagacion-cientifica","status":"publish","type":"post","link":"https:\/\/www.radiopresidenteibanez.cl\/web\/educadoras-de-parvulo-podran-capacitarse-en-indagacion-cientifica\/","title":{"rendered":"EDUCADORAS DE P\u00c1RVULO PODR\u00c1N CAPACITARSE EN INDAGACI\u00d3N CIENT\u00cdFICA"},"content":{"rendered":"\n<p>Este mi\u00e9rcoles finaliza la convocatoria para la capacitaci\u00f3n al Programa de Indagaci\u00f3n para Primeras Edades (PIPE), la que se realizar\u00e1 el pr\u00f3ximo 24 de julio de manera online y gratuita. Con ella se pretende entregar herramientas y fortalecer las competencias de t\u00e9cnicos\/as y profesionales del \u00e1rea de Educaci\u00f3n Parvularia de toda la regi\u00f3n.<\/p>\n\n\n\n<p>La iniciativa nacional del Programa Explora -perteneciente al Ministerio de Ciencia, Tecnolog\u00eda, Conocimiento e Innovaci\u00f3n- se realizar\u00e1 a trav\u00e9s del Proyecto Asociativo Regional (PAR) Explora Magallanes, ejecutado por la Universidad de Magallanes. <\/p>\n\n\n\n<p>\u201cLos ni\u00f1os y ni\u00f1as tienen habilidades innatas para la ciencia, como la curiosidad, el sentido de exploraci\u00f3n y hacer preguntas, de ah\u00ed la importancia de aprovechar esas habilidades y acercarlos a la ciencia desde las primeras edades. El Programa PIPE busca precisamente fortalecer las competencias de las y los educadores de p\u00e1rvulos, t\u00e9cnicos y profesionales, para que tengan todas las herramientas y acompa\u00f1en a los ni\u00f1os y ni\u00f1as en este proceso de descubrimiento de su entorno\u201d, explic\u00f3 Claudia Salinas, directora del PAR Explora Magallanes. <\/p>\n\n\n\n<p>Cabe destacar que PIPE est\u00e1 alienado a las bases curriculares de la educaci\u00f3n parvularia, y se trabajar\u00e1 a trav\u00e9s de dos m\u00f3dulos con 14 actividades en total. El primero de ellos corresponde al m\u00f3dulo de \u201cPlantas\u201d y el segundo al de \u201cAnimales\u201d, los que est\u00e1n enmarcados en el n\u00facleo de exploraci\u00f3n del medio natural que forma parte del \u00e1mbito de interacci\u00f3n y comprensi\u00f3n del entorno. <\/p>\n\n\n\n<p>El proceso contar\u00e1 tambi\u00e9n con un seminario interregional \u201cPIPE conectando regiones\u201d, que se desarrollar\u00e1 junto a los PAR de Atacama, Tarapac\u00e1 y Ays\u00e9n, donde se pretende generar un encuentro entre t\u00e9cnicos y profesionales de la educaci\u00f3n parvularia, con \u00e9nfasis en el intercambio de experiencias con este programa seg\u00fan la realidad local de cada uno. <\/p>\n\n\n\n<p>El plazo de postulaci\u00f3n a esta capacitaci\u00f3n se extendi\u00f3 hasta el 17 de julio. Pueden encontrar m\u00e1s informaci\u00f3n, adem\u00e1s de las bases y formulario de postulaci\u00f3n en www.explora.cl\/magallanes <\/p>\n","protected":false},"excerpt":{"rendered":"<p>Este mi\u00e9rcoles finaliza la convocatoria para la capacitaci\u00f3n al Programa de Indagaci\u00f3n para Primeras Edades (PIPE), la que se realizar\u00e1 el pr\u00f3ximo 24 de julio de manera online y gratuita&#8230;. <a class=\"read-more\" href=\"https:\/\/www.radiopresidenteibanez.cl\/web\/educadoras-de-parvulo-podran-capacitarse-en-indagacion-cientifica\/\">Leer m\u00e1s<\/a><\/p>\n","protected":false},"author":2,"featured_media":13360,"comment_status":"closed","ping_status":"closed","sticky":false,"template":"","format":"standard","meta":{"footnotes":""},"categories":[1],"tags":[],"class_list":["post-13359","post","type-post","status-publish","format-standard","has-post-thumbnail","hentry","category-cronica"],"_links":{"self":[{"href":"https:\/\/www.radiopresidenteibanez.cl\/web\/wp-json\/wp\/v2\/posts\/13359","targetHints":{"allow":["GET"]}}],"collection":[{"href":"https:\/\/www.radiopresidenteibanez.cl\/web\/wp-json\/wp\/v2\/posts"}],"about":[{"href":"https:\/\/www.radiopresidenteibanez.cl\/web\/wp-json\/wp\/v2\/types\/post"}],"author":[{"embeddable":true,"href":"https:\/\/www.radiopresidenteibanez.cl\/web\/wp-json\/wp\/v2\/users\/2"}],"replies":[{"embeddable":true,"href":"https:\/\/www.radiopresidenteibanez.cl\/web\/wp-json\/wp\/v2\/comments?post=13359"}],"version-history":[{"count":0,"href":"https:\/\/www.radiopresidenteibanez.cl\/web\/wp-json\/wp\/v2\/posts\/13359\/revisions"}],"wp:featuredmedia":[{"embeddable":true,"href":"https:\/\/www.radiopresidenteibanez.cl\/web\/wp-json\/wp\/v2\/media\/13360"}],"wp:attachment":[{"href":"https:\/\/www.radiopresidenteibanez.cl\/web\/wp-json\/wp\/v2\/media?parent=13359"}],"wp:term":[{"taxonomy":"category","embeddable":true,"href":"https:\/\/www.radiopresidenteibanez.cl\/web\/wp-json\/wp\/v2\/categories?post=13359"},{"taxonomy":"post_tag","embeddable":true,"href":"https:\/\/www.radiopresidenteibanez.cl\/web\/wp-json\/wp\/v2\/tags?post=13359"}],"curies":[{"name":"wp","href":"https:\/\/api.w.org\/{rel}","templated":true}]}}