{"id":13350,"date":"2020-07-13T17:39:33","date_gmt":"2020-07-13T17:39:33","guid":{"rendered":"https:\/\/www.radiopresidenteibanez.cl\/web\/?p=13350"},"modified":"2020-07-13T17:39:37","modified_gmt":"2020-07-13T17:39:37","slug":"consejero-kusanovic-la-diputada-amar-coloco-a-la-mitad-de-los-seremis-no-dejo-hacer-cambios-al-intendente-y-ahora-se-queja-de-la-falta-de-calle-del-gabinete-regional","status":"publish","type":"post","link":"https:\/\/www.radiopresidenteibanez.cl\/web\/consejero-kusanovic-la-diputada-amar-coloco-a-la-mitad-de-los-seremis-no-dejo-hacer-cambios-al-intendente-y-ahora-se-queja-de-la-falta-de-calle-del-gabinete-regional\/","title":{"rendered":"CONSEJERO KUSANOVIC: \u201cLA DIPUTADA AMAR COLOC\u00d3 A LA MITAD DE LOS SEREMIS, NO DEJ\u00d3 HACER CAMBIOS AL INTENDENTE Y AHORA SE QUEJA DE LA FALTA DE CALLE DEL GABINETE REGIONAL\u201d"},"content":{"rendered":"\n<p>Pol\u00e9mica causaron las declaraciones de la diputada UDI, Sandra Amar, quien el fin de semana critic\u00f3 una supuesta \u201cfalta de calle\u201d del gabinete regional con relaci\u00f3n a la emergencia sanitaria producida por la pandemia del covid-19.<\/p>\n\n\n\n<p>Al paso de las cr\u00edticas sali\u00f3 hoy el Presidente del Consejo Regional, Alejandro Kusanovic, quien hizo ver que la parlamentaria no se hace responsable de sus decisiones al haber solicitado el ingreso de varios Secretario Ministeriales Regionales (seremis) al Gobierno Regional. \u201cLa diputada Amar coloc\u00f3 a la mitad de los seremis, no dej\u00f3 hacer cambios al Intendente y ahora se queja de la falta de calle del gabinete regional\u201d, dijo.<\/p>\n\n\n\n<p>El core llam\u00f3 a elevar los est\u00e1ndares de la actividad pol\u00edtica. \u201cLo que espera la gente es que trabajemos con eficiencia y que cada uno, en su \u00e1mbito, se haga responsable de sus decisiones\u201d, indic\u00f3 Kusanovic agregando que si al Intendente se le va a exigir que el gabinete regional sea pro activo y eficiente, \u201cque est\u00e9 en la calle conociendo las necesidades de la gente\u201d, se le debe permitir que pueda elegir a su equipo de colaboradores y que cuando quiera hacer cambios tambi\u00e9n los pueda realizar.<\/p>\n","protected":false},"excerpt":{"rendered":"<p>Pol\u00e9mica causaron las declaraciones de la diputada UDI, Sandra Amar, quien el fin de semana critic\u00f3 una supuesta \u201cfalta de calle\u201d del gabinete regional con relaci\u00f3n a la emergencia sanitaria&#8230; <a class=\"read-more\" href=\"https:\/\/www.radiopresidenteibanez.cl\/web\/consejero-kusanovic-la-diputada-amar-coloco-a-la-mitad-de-los-seremis-no-dejo-hacer-cambios-al-intendente-y-ahora-se-queja-de-la-falta-de-calle-del-gabinete-regional\/\">Leer m\u00e1s<\/a><\/p>\n","protected":false},"author":2,"featured_media":13351,"comment_status":"closed","ping_status":"closed","sticky":false,"template":"","format":"standard","meta":{"footnotes":""},"categories":[1],"tags":[],"class_list":["post-13350","post","type-post","status-publish","format-standard","has-post-thumbnail","hentry","category-cronica"],"_links":{"self":[{"href":"https:\/\/www.radiopresidenteibanez.cl\/web\/wp-json\/wp\/v2\/posts\/13350","targetHints":{"allow":["GET"]}}],"collection":[{"href":"https:\/\/www.radiopresidenteibanez.cl\/web\/wp-json\/wp\/v2\/posts"}],"about":[{"href":"https:\/\/www.radiopresidenteibanez.cl\/web\/wp-json\/wp\/v2\/types\/post"}],"author":[{"embeddable":true,"href":"https:\/\/www.radiopresidenteibanez.cl\/web\/wp-json\/wp\/v2\/users\/2"}],"replies":[{"embeddable":true,"href":"https:\/\/www.radiopresidenteibanez.cl\/web\/wp-json\/wp\/v2\/comments?post=13350"}],"version-history":[{"count":0,"href":"https:\/\/www.radiopresidenteibanez.cl\/web\/wp-json\/wp\/v2\/posts\/13350\/revisions"}],"wp:featuredmedia":[{"embeddable":true,"href":"https:\/\/www.radiopresidenteibanez.cl\/web\/wp-json\/wp\/v2\/media\/13351"}],"wp:attachment":[{"href":"https:\/\/www.radiopresidenteibanez.cl\/web\/wp-json\/wp\/v2\/media?parent=13350"}],"wp:term":[{"taxonomy":"category","embeddable":true,"href":"https:\/\/www.radiopresidenteibanez.cl\/web\/wp-json\/wp\/v2\/categories?post=13350"},{"taxonomy":"post_tag","embeddable":true,"href":"https:\/\/www.radiopresidenteibanez.cl\/web\/wp-json\/wp\/v2\/tags?post=13350"}],"curies":[{"name":"wp","href":"https:\/\/api.w.org\/{rel}","templated":true}]}}