{"id":13347,"date":"2020-07-13T15:11:37","date_gmt":"2020-07-13T15:11:37","guid":{"rendered":"https:\/\/www.radiopresidenteibanez.cl\/web\/?p=13347"},"modified":"2020-07-13T15:11:41","modified_gmt":"2020-07-13T15:11:41","slug":"autoridad-de-salud-confirmo-el-contagio-por-covid-19-de-cinco-militares-provenientes-del-norte-de-chile","status":"publish","type":"post","link":"https:\/\/www.radiopresidenteibanez.cl\/web\/autoridad-de-salud-confirmo-el-contagio-por-covid-19-de-cinco-militares-provenientes-del-norte-de-chile\/","title":{"rendered":"AUTORIDAD DE SALUD CONFIRM\u00d3 EL CONTAGIO POR COVID-19 DE CINCO MILITARES PROVENIENTES DEL NORTE DE CHILE"},"content":{"rendered":"\n<p>En horas de esta ma\u00f1ana, circulo el rumor de que militares\nprovenientes del norte del pa\u00eds por cambio de contingente hab\u00edan dado positivo\nal examen de Coronavirus Covid-19, dicha informaci\u00f3n fue confirmada por la\nautoridad de salud, Mariela Rojas.<\/p>\n\n\n\n<p>En la ocasi\u00f3n la Seremi, expres\u00f3 que se tratan de cinco militares\nque llegaron desde el norte del pa\u00eds, todos se encuentran aislados, algunos en\nel regimiento, en residencias sanitarias y otro en su vivienda.<\/p>\n\n\n\n<p>\u201ctenemos conocimiento de los casos, pero se descarta un brote al interior del regimiento militar\u201d, puntualiz\u00f3 Mariela Rojas, Seremi de Salud.<\/p>\n\n\n\n<p><\/p>\n\n\n\n<p>CHH.<\/p>\n","protected":false},"excerpt":{"rendered":"<p>En horas de esta ma\u00f1ana, circulo el rumor de que militares provenientes del norte del pa\u00eds por cambio de contingente hab\u00edan dado positivo al examen de Coronavirus Covid-19, dicha informaci\u00f3n&#8230; <a class=\"read-more\" href=\"https:\/\/www.radiopresidenteibanez.cl\/web\/autoridad-de-salud-confirmo-el-contagio-por-covid-19-de-cinco-militares-provenientes-del-norte-de-chile\/\">Leer m\u00e1s<\/a><\/p>\n","protected":false},"author":2,"featured_media":740,"comment_status":"closed","ping_status":"closed","sticky":false,"template":"","format":"standard","meta":{"footnotes":""},"categories":[1],"tags":[],"class_list":["post-13347","post","type-post","status-publish","format-standard","has-post-thumbnail","hentry","category-cronica"],"_links":{"self":[{"href":"https:\/\/www.radiopresidenteibanez.cl\/web\/wp-json\/wp\/v2\/posts\/13347","targetHints":{"allow":["GET"]}}],"collection":[{"href":"https:\/\/www.radiopresidenteibanez.cl\/web\/wp-json\/wp\/v2\/posts"}],"about":[{"href":"https:\/\/www.radiopresidenteibanez.cl\/web\/wp-json\/wp\/v2\/types\/post"}],"author":[{"embeddable":true,"href":"https:\/\/www.radiopresidenteibanez.cl\/web\/wp-json\/wp\/v2\/users\/2"}],"replies":[{"embeddable":true,"href":"https:\/\/www.radiopresidenteibanez.cl\/web\/wp-json\/wp\/v2\/comments?post=13347"}],"version-history":[{"count":0,"href":"https:\/\/www.radiopresidenteibanez.cl\/web\/wp-json\/wp\/v2\/posts\/13347\/revisions"}],"wp:featuredmedia":[{"embeddable":true,"href":"https:\/\/www.radiopresidenteibanez.cl\/web\/wp-json\/wp\/v2\/media\/740"}],"wp:attachment":[{"href":"https:\/\/www.radiopresidenteibanez.cl\/web\/wp-json\/wp\/v2\/media?parent=13347"}],"wp:term":[{"taxonomy":"category","embeddable":true,"href":"https:\/\/www.radiopresidenteibanez.cl\/web\/wp-json\/wp\/v2\/categories?post=13347"},{"taxonomy":"post_tag","embeddable":true,"href":"https:\/\/www.radiopresidenteibanez.cl\/web\/wp-json\/wp\/v2\/tags?post=13347"}],"curies":[{"name":"wp","href":"https:\/\/api.w.org\/{rel}","templated":true}]}}