{"id":13341,"date":"2020-07-13T14:49:28","date_gmt":"2020-07-13T14:49:28","guid":{"rendered":"https:\/\/www.radiopresidenteibanez.cl\/web\/?p=13341"},"modified":"2020-07-13T14:49:32","modified_gmt":"2020-07-13T14:49:32","slug":"armada-de-chile-despliega-operativo-de-busqueda-de-tripulante-pesquero-en-estrecho-de-magallanes","status":"publish","type":"post","link":"https:\/\/www.radiopresidenteibanez.cl\/web\/armada-de-chile-despliega-operativo-de-busqueda-de-tripulante-pesquero-en-estrecho-de-magallanes\/","title":{"rendered":"ARMADA DE CHILE DESPLIEGA OPERATIVO DE B\u00daSQUEDA  DE TRIPULANTE PESQUERO EN ESTRECHO DE MAGALLANES"},"content":{"rendered":"\n<p>Durante la jornada del 12\nde julio se realiz\u00f3 la denuncia por presunta desgracia, por parte de la\nAutoridad Mar\u00edtima, de un tripulante pesquero que se habr\u00eda desembarcado en\nIsla Desolaci\u00f3n.<\/p>\n\n\n\n<p>La Tercera Zona Naval despleg\u00f3\nunidades y medios aeronavales tras recibir la informaci\u00f3n del desembarco\nvoluntario de una tripulante pesquero de la Lancha a Motor \u201cAlex I\u201d, qui\u00e9n se adentr\u00f3\nen la Isla Desolaci\u00f3n, ubicada a 200 kil\u00f3metros de Punta Arenas en la boca\noccidental del Estrecho de Magallanes.<\/p>\n\n\n\n<p>Seg\u00fan lo informado a la\nAutoridad Mar\u00edtima por v\u00eda radial desde el Centro de Cultivo C\u00f3rdoba 1 por el\npatr\u00f3n de la Lancha a Motor \u201cAlex I\u201d, el tripulante habr\u00eda desembarcado en dos\nocasiones tomando sus pertenencias e intern\u00e1ndose en la mencionada isla, la\ncual no cuenta con habitantes ni infraestructura. <\/p>\n\n\n\n<p>La Gobernaci\u00f3n Mar\u00edtima\nde Punta Arenas instruy\u00f3 los primeros procedimientos a la Lancha a Motor \u201cAlex\nI\u201d, nave que habr\u00eda perdido contacto visual con el tripulante pasado las 21 horas\nde ayer.<\/p>\n\n\n\n<p>A las 23 horas de la\njornada de ayer se efect\u00fao la denuncia por presunta desgracia por parte de la\nAutoridad Mar\u00edtima, iniciando un procedimiento de despliegue de elementos\nnavales, entre ellos&nbsp; la Lancha de\nServicio General 1619 \u201cPunta Arenas\u201d y del avi\u00f3n de exploraci\u00f3n aeromar\u00edtima Naval\n264, Unidad que cuenta con una c\u00e1mara FLIR que permite captar im\u00e1genes t\u00e9rmicas\npara realizar una exploraci\u00f3n acotada en el \u00e1rea.<\/p>\n\n\n\n<p>Dependiendo de los\nprimeros resultados se proceder\u00e1 con el despliegue de una operaci\u00f3n\nmultiagencial, involucrando traslado de personal del Grupo de Operaciones\nEspeciales de Carabineros en helic\u00f3pteros de la Fuerza A\u00e9rea de Chile. <\/p>\n\n\n\n<p>La Armada continuara\noperando e informar\u00e1 mayores antecedentes respecto a los resultados del\noperativo en desarrollo.<\/p>\n","protected":false},"excerpt":{"rendered":"<p>Durante la jornada del 12 de julio se realiz\u00f3 la denuncia por presunta desgracia, por parte de la Autoridad Mar\u00edtima, de un tripulante pesquero que se habr\u00eda desembarcado en Isla&#8230; <a class=\"read-more\" href=\"https:\/\/www.radiopresidenteibanez.cl\/web\/armada-de-chile-despliega-operativo-de-busqueda-de-tripulante-pesquero-en-estrecho-de-magallanes\/\">Leer m\u00e1s<\/a><\/p>\n","protected":false},"author":2,"featured_media":13342,"comment_status":"closed","ping_status":"closed","sticky":false,"template":"","format":"standard","meta":{"footnotes":""},"categories":[1],"tags":[],"class_list":["post-13341","post","type-post","status-publish","format-standard","has-post-thumbnail","hentry","category-cronica"],"_links":{"self":[{"href":"https:\/\/www.radiopresidenteibanez.cl\/web\/wp-json\/wp\/v2\/posts\/13341","targetHints":{"allow":["GET"]}}],"collection":[{"href":"https:\/\/www.radiopresidenteibanez.cl\/web\/wp-json\/wp\/v2\/posts"}],"about":[{"href":"https:\/\/www.radiopresidenteibanez.cl\/web\/wp-json\/wp\/v2\/types\/post"}],"author":[{"embeddable":true,"href":"https:\/\/www.radiopresidenteibanez.cl\/web\/wp-json\/wp\/v2\/users\/2"}],"replies":[{"embeddable":true,"href":"https:\/\/www.radiopresidenteibanez.cl\/web\/wp-json\/wp\/v2\/comments?post=13341"}],"version-history":[{"count":0,"href":"https:\/\/www.radiopresidenteibanez.cl\/web\/wp-json\/wp\/v2\/posts\/13341\/revisions"}],"wp:featuredmedia":[{"embeddable":true,"href":"https:\/\/www.radiopresidenteibanez.cl\/web\/wp-json\/wp\/v2\/media\/13342"}],"wp:attachment":[{"href":"https:\/\/www.radiopresidenteibanez.cl\/web\/wp-json\/wp\/v2\/media?parent=13341"}],"wp:term":[{"taxonomy":"category","embeddable":true,"href":"https:\/\/www.radiopresidenteibanez.cl\/web\/wp-json\/wp\/v2\/categories?post=13341"},{"taxonomy":"post_tag","embeddable":true,"href":"https:\/\/www.radiopresidenteibanez.cl\/web\/wp-json\/wp\/v2\/tags?post=13341"}],"curies":[{"name":"wp","href":"https:\/\/api.w.org\/{rel}","templated":true}]}}