{"id":13337,"date":"2020-07-13T13:53:50","date_gmt":"2020-07-13T13:53:50","guid":{"rendered":"https:\/\/www.radiopresidenteibanez.cl\/web\/?p=13337"},"modified":"2020-07-13T13:53:55","modified_gmt":"2020-07-13T13:53:55","slug":"proyecto-de-gobernacion-de-ultima-esperanza-fortalece-la-seguridad-en-sedes-vecinales","status":"publish","type":"post","link":"https:\/\/www.radiopresidenteibanez.cl\/web\/proyecto-de-gobernacion-de-ultima-esperanza-fortalece-la-seguridad-en-sedes-vecinales\/","title":{"rendered":"PROYECTO DE GOBERNACI\u00d3N DE \u00daLTIMA ESPERANZA FORTALECE LA SEGURIDAD EN SEDES VECINALES"},"content":{"rendered":"\n<p>Diferentes juntas\nvecinales, clubes de adulto mayor, entre otros, se vieron beneficiados a trav\u00e9s\nde un proyecto de instalaci\u00f3n de c\u00e1maras, el cual fue ejecutado por la\nGobernaci\u00f3n Provincial de \u00daltima Esperanza y que tiene como finalidad aumentar\nlos niveles de seguridad p\u00fablica. Esto se pudo llevar a cabo gracias al Fondo\nNacional de Desarrollo Regional (FNDR), aprobado por el Consejo Regional de\nMagallanes.<\/p>\n\n\n\n<p>Ante la materializaci\u00f3n\nde este proyecto, el gobernador Ra\u00fal Suazo se\u00f1al\u00f3 que \u201ccomo Gobernaci\u00f3n\nde \u00daltima Esperanza, estamos muy contentos por el proyecto que se pudo ejecutar\npara la adquisici\u00f3n e instalaci\u00f3n de c\u00e1maras de seguridad, las que fueron\ninstaladas en un trabajo en conjunto con algunas dirigencias de juntas de\nvecinos espec\u00edficas, en funci\u00f3n de sus necesidades y ocurrencia de situaciones\nde connotaci\u00f3n y seguridad p\u00fablica\u201d. <\/p>\n\n\n\n<p>El presidente de la sede\nvecinal n\u00ba 9 de Puerto Natales, Carlos Navarro, se mostr\u00f3 muy contento con este\nproyecto, pues comenta que \u201cpara nosotros como dirigentes y tambi\u00e9n para\nlos vecinos, el proyecto nos ayud\u00f3 mucho, ya que tuvimos un robo ac\u00e1 en\nnuestras instalaciones, y producto de esto, nosotros llevamos nuestra inquietud\nal gobernador Ra\u00fal Suazo, quien acogi\u00f3 nuestra petici\u00f3n y pudimos postular a\neste proyecto para que pudi\u00e9semos contar con esta c\u00e1mara\u201d.<\/p>\n\n\n\n<p>En tanto, el secretario\nde esta sede vecinal, Jos\u00e9 Torres, destac\u00f3 la importancia que pueden tener\nestas c\u00e1maras de seguridad al ser un elemento de ayuda a la labor policial si\nese fuera el caso, al respecto se\u00f1al\u00f3 que \u201cesto tambi\u00e9n es\nde mucha ayuda en el sentido de que las c\u00e1maras est\u00e1n disponibles para que, si\nCarabineros las necesitara, puedan acceder a estos v\u00eddeos y ver qu\u00e9 fue lo que\nsucedi\u00f3. Por lo mismo es que agradecemos a la Gobernaci\u00f3n por disponer de este\nproyecto de c\u00e1maras que ha sido muy \u00fatil para los vecinos de la junta\u201d.<\/p>\n\n\n\n<p>Finalmente, el gobernador\nSuazo coment\u00f3 que \u201ctambi\u00e9n tenemos c\u00e1maras que fueron instaladas en las\ndependencias de la Gobernaci\u00f3n Provincial en los distintos accesos, las que\ntambi\u00e9n nos permiten vigilar y estar muy atentos a las condiciones del\ntr\u00e1nsito. Asimismo, se instalaron c\u00e1maras de seguridad en los tres pasos\nfronterizos de la provincia\u201d.<\/p>\n\n\n\n<p>De esta manera, a trav\u00e9s\nde este FNDR, se pudo llevar a cabo este proyecto que busca ser un aporte a la\ncomunidad en t\u00e9rminos de seguridad p\u00fablica, ya que es una importante\nherramienta en cuanto a la prevenci\u00f3n de situaciones de conflicto p\u00fablico y de\ndelincuencia.<\/p>\n","protected":false},"excerpt":{"rendered":"<p>Diferentes juntas vecinales, clubes de adulto mayor, entre otros, se vieron beneficiados a trav\u00e9s de un proyecto de instalaci\u00f3n de c\u00e1maras, el cual fue ejecutado por la Gobernaci\u00f3n Provincial de&#8230; <a class=\"read-more\" href=\"https:\/\/www.radiopresidenteibanez.cl\/web\/proyecto-de-gobernacion-de-ultima-esperanza-fortalece-la-seguridad-en-sedes-vecinales\/\">Leer m\u00e1s<\/a><\/p>\n","protected":false},"author":2,"featured_media":13338,"comment_status":"closed","ping_status":"closed","sticky":false,"template":"","format":"standard","meta":{"footnotes":""},"categories":[1],"tags":[],"class_list":["post-13337","post","type-post","status-publish","format-standard","has-post-thumbnail","hentry","category-cronica"],"_links":{"self":[{"href":"https:\/\/www.radiopresidenteibanez.cl\/web\/wp-json\/wp\/v2\/posts\/13337","targetHints":{"allow":["GET"]}}],"collection":[{"href":"https:\/\/www.radiopresidenteibanez.cl\/web\/wp-json\/wp\/v2\/posts"}],"about":[{"href":"https:\/\/www.radiopresidenteibanez.cl\/web\/wp-json\/wp\/v2\/types\/post"}],"author":[{"embeddable":true,"href":"https:\/\/www.radiopresidenteibanez.cl\/web\/wp-json\/wp\/v2\/users\/2"}],"replies":[{"embeddable":true,"href":"https:\/\/www.radiopresidenteibanez.cl\/web\/wp-json\/wp\/v2\/comments?post=13337"}],"version-history":[{"count":0,"href":"https:\/\/www.radiopresidenteibanez.cl\/web\/wp-json\/wp\/v2\/posts\/13337\/revisions"}],"wp:featuredmedia":[{"embeddable":true,"href":"https:\/\/www.radiopresidenteibanez.cl\/web\/wp-json\/wp\/v2\/media\/13338"}],"wp:attachment":[{"href":"https:\/\/www.radiopresidenteibanez.cl\/web\/wp-json\/wp\/v2\/media?parent=13337"}],"wp:term":[{"taxonomy":"category","embeddable":true,"href":"https:\/\/www.radiopresidenteibanez.cl\/web\/wp-json\/wp\/v2\/categories?post=13337"},{"taxonomy":"post_tag","embeddable":true,"href":"https:\/\/www.radiopresidenteibanez.cl\/web\/wp-json\/wp\/v2\/tags?post=13337"}],"curies":[{"name":"wp","href":"https:\/\/api.w.org\/{rel}","templated":true}]}}