{"id":13334,"date":"2020-07-13T13:51:55","date_gmt":"2020-07-13T13:51:55","guid":{"rendered":"https:\/\/www.radiopresidenteibanez.cl\/web\/?p=13334"},"modified":"2020-07-13T13:51:59","modified_gmt":"2020-07-13T13:51:59","slug":"concejal-german-flores-necesitamos-contar-con-cuartel-policial-y-de-bomberos-en-el-sector-sur-de-la-ciudad","status":"publish","type":"post","link":"https:\/\/www.radiopresidenteibanez.cl\/web\/concejal-german-flores-necesitamos-contar-con-cuartel-policial-y-de-bomberos-en-el-sector-sur-de-la-ciudad\/","title":{"rendered":"CONCEJAL GERM\u00c1N FLORES: \u201cNECESITAMOS CONTAR CON CUARTEL POLICIAL Y DE BOMBEROS EN EL SECTOR SUR DE LA CIUDAD\u201d"},"content":{"rendered":"\n<p>Hasta el sector sur de\nla ciudad junto al alcalde de la comuna, la concejala Daniela Panicucci, la\ncoordinadora regional de seguridad ciudadana y personal de carabineros, lleg\u00f3\nel concejal Germ\u00e1n Flores para reunirse con los dirigentes de la Junta de Vecinos\n57, quienes durante estos \u00faltimos d\u00edas sufrieron un robo en las instalaciones\ndel inmueble ubicado en calle Santa Juana con Manuel Rodr\u00edguez, lugar en donde\ndesconocidos hurtaron diferentes artefactos de esta sede inaugurada hace pocos\nmeses y que pr\u00f3ximamente pasar\u00e1 en comodato de esta junta vecinal.<\/p>\n\n\n\n<p>\u201cUna de las anheladas\ndemandas de los vecinos del sector sur de Punta Arenas desde algunos a\u00f1os, es\ncontar con un cuartel policial que les entregue mayor seguridad a los\nhabitantes. Cuando uno recorre la ciudad desde Pedro Aguirre Cerda hacia el\nsur, se puede apreciar c\u00f3mo ha crecido nuestra comuna en las \u00faltimas dos d\u00e9cadas,\ncon el nacimiento de diferentes poblaciones y por ende el aumento de habitantes,\nmotivo por el cual debemos velar por su seguridad, por lo tanto, se necesita contar\ncon un cuartel policial\u201d, expres\u00f3 Flores al t\u00e9rmino de la visita al sector.<\/p>\n\n\n\n<p>El concejal agrego que,\nen su contacto con vecinos y dirigentes sociales sure\u00f1os, constantemente le han\nmanifestado que se sientes desprotegidos por no tener la presencia de la\npolic\u00eda uniformada con una infraestructura instalada, pues cuando ocurren\nalgunos hechos, no pueden contar con un accionar oportuno, por lo que reiteran\nesta necesidad.<\/p>\n\n\n\n<p>\u201cComo sabemos, esta\ndemanda en materia de seguridad ciudadana viene desde hace muchos a\u00f1os y lo que\nestamos haciendo es replicarla, ya se ha est\u00e1 avanzando en salud con a la\nconstrucci\u00f3n del Servicio de Atenci\u00f3n Primaria de Urgencia de Alta Resoluci\u00f3n\nSAR. &nbsp;Pero falta en \u00e1mbito policial y de\nbomberos. Por ejemplo, de las ocho compa\u00f1\u00edas existentes en la comuna, dos de\nellas est\u00e1n ubicadas desde Av. Independencia hacia el sur, Punta Arenas ha\ncrecido y seguir\u00e1 creciendo para para ese sector, es necesario tener una mirada\nde futuro\u201d, apunto el concejal Germ\u00e1n Flores.<\/p>\n","protected":false},"excerpt":{"rendered":"<p>Hasta el sector sur de la ciudad junto al alcalde de la comuna, la concejala Daniela Panicucci, la coordinadora regional de seguridad ciudadana y personal de carabineros, lleg\u00f3 el concejal&#8230; <a class=\"read-more\" href=\"https:\/\/www.radiopresidenteibanez.cl\/web\/concejal-german-flores-necesitamos-contar-con-cuartel-policial-y-de-bomberos-en-el-sector-sur-de-la-ciudad\/\">Leer m\u00e1s<\/a><\/p>\n","protected":false},"author":2,"featured_media":13335,"comment_status":"closed","ping_status":"closed","sticky":false,"template":"","format":"standard","meta":{"footnotes":""},"categories":[1],"tags":[],"class_list":["post-13334","post","type-post","status-publish","format-standard","has-post-thumbnail","hentry","category-cronica"],"_links":{"self":[{"href":"https:\/\/www.radiopresidenteibanez.cl\/web\/wp-json\/wp\/v2\/posts\/13334","targetHints":{"allow":["GET"]}}],"collection":[{"href":"https:\/\/www.radiopresidenteibanez.cl\/web\/wp-json\/wp\/v2\/posts"}],"about":[{"href":"https:\/\/www.radiopresidenteibanez.cl\/web\/wp-json\/wp\/v2\/types\/post"}],"author":[{"embeddable":true,"href":"https:\/\/www.radiopresidenteibanez.cl\/web\/wp-json\/wp\/v2\/users\/2"}],"replies":[{"embeddable":true,"href":"https:\/\/www.radiopresidenteibanez.cl\/web\/wp-json\/wp\/v2\/comments?post=13334"}],"version-history":[{"count":0,"href":"https:\/\/www.radiopresidenteibanez.cl\/web\/wp-json\/wp\/v2\/posts\/13334\/revisions"}],"wp:featuredmedia":[{"embeddable":true,"href":"https:\/\/www.radiopresidenteibanez.cl\/web\/wp-json\/wp\/v2\/media\/13335"}],"wp:attachment":[{"href":"https:\/\/www.radiopresidenteibanez.cl\/web\/wp-json\/wp\/v2\/media?parent=13334"}],"wp:term":[{"taxonomy":"category","embeddable":true,"href":"https:\/\/www.radiopresidenteibanez.cl\/web\/wp-json\/wp\/v2\/categories?post=13334"},{"taxonomy":"post_tag","embeddable":true,"href":"https:\/\/www.radiopresidenteibanez.cl\/web\/wp-json\/wp\/v2\/tags?post=13334"}],"curies":[{"name":"wp","href":"https:\/\/api.w.org\/{rel}","templated":true}]}}