{"id":13331,"date":"2020-07-13T13:18:58","date_gmt":"2020-07-13T13:18:58","guid":{"rendered":"https:\/\/www.radiopresidenteibanez.cl\/web\/?p=13331"},"modified":"2020-07-13T13:19:02","modified_gmt":"2020-07-13T13:19:02","slug":"llamaran-a-proceso-de-seleccion-cargos-directivos-del-hospital-clinico-magallanes","status":"publish","type":"post","link":"https:\/\/www.radiopresidenteibanez.cl\/web\/llamaran-a-proceso-de-seleccion-cargos-directivos-del-hospital-clinico-magallanes\/","title":{"rendered":"LLAMAR\u00c1N A PROCESO DE SELECCI\u00d3N CARGOS DIRECTIVOS DEL HOSPITAL CL\u00cdNICO MAGALLANES"},"content":{"rendered":"\n<p>Los hospitales\nautogestionados en red tienen atribuciones para organizarse internamente,\nadministrar sus recursos y definir la forma mediante la cual llevar\u00e1n a cabo\nlos procesos necesarios para satisfacer las necesidades de salud de la\ncomunidad en el contexto de la Red Integrada de Salud.<\/p>\n\n\n\n<p>El Hospital Cl\u00ednico\nde Magallanes tiene el desaf\u00edo de mejorar en forma permanente sus procesos para\norientar su funci\u00f3n hacia la eficiencia hospitalaria, el aumento de la\nproducci\u00f3n y la optimizaci\u00f3n en el uso de sus recursos para la gesti\u00f3n\nadministrativa y cl\u00ednica. Adicionalmente debe abordar tem\u00e1ticas relativas al\nausentismo y el clima laboral entre los distintos estamentos, lo que\nconstituyen preocupaciones permanentes para el \u00e1rea directiva y la Direcci\u00f3n\ndel Hospital.<\/p>\n\n\n\n<p>En este sentido,\nalcanzado ya casi un primer a\u00f1o en la gesti\u00f3n del Director Ricardo Contreras\nFa\u00fandez, resulta adecuado el conformar equipos que sean capaces de consolidar\nlos desaf\u00edos planteados y cuyos liderazgos est\u00e1n sometidos a la evaluaci\u00f3n\npermanente, dada su naturaleza de ser cargos directivos.<\/p>\n\n\n\n<p>Como parte del\nejercicio de las atribuciones del Director del Hospital Cl\u00ednico de Magallanes,\nestablecimiento autogestionado, se dar\u00e1 inicio, en forma escalonada, a los\nprocesos de selecci\u00f3n de las subdirecciones de Gesti\u00f3n de las Personas, Gesti\u00f3n\ndel Cuidado y Operaciones para que de forma transparente y participativa se\nlogre seleccionar a los directivos que podr\u00e1n colaborar en el logro de los\nobjetivos estrat\u00e9gicos trazados.<\/p>\n\n\n\n<p>Se ha establecido un\ncronograma, que por razones de buen servicio, iniciar\u00e1 con el proceso relativo\na la Subdirecci\u00f3n de Enfermer\u00eda. Esto fue comunicado previamente a cada uno de\nlos profesionales que actualmente ostentan estos cargos en calidad de\nencomendados, siendo positivamente evaluada esta medida por las asociaciones\ngremiales FENTESS, FENATS y FENPRUSS y sus socios, quienes manifestaron de\nforma presencial y remota su respaldo y apoyo a las decisiones tomadas, a fin\nde avanzar en la gesti\u00f3n del establecimiento autogestionado; de igual forma,\nprofesionales cl\u00ednicos y funcionarios del establecimiento apoyaron la medida,\nen consideraci\u00f3n a que la renovaci\u00f3n de los equipos directivos est\u00e1 en directa\nconcordancia con las directrices de la administraci\u00f3n moderna.<\/p>\n\n\n\n<p>Es preciso se\u00f1alar\nque en el caso particular de la Sra. Karen Antiquera, esta no fue desvinculada\nni menoscabada en su calidad profesional y contractual; dado que fue comunicado\ndirectamente y mantendr\u00e1 su grado asociado \u2013 remuneraci\u00f3n \u2013 y su grado en el\nescalaf\u00f3n y, continuar\u00e1 aportando a toda la Red Asistencial desde la Direcci\u00f3n\ndel Servicio de Salud Magallanes.<\/p>\n","protected":false},"excerpt":{"rendered":"<p>Los hospitales autogestionados en red tienen atribuciones para organizarse internamente, administrar sus recursos y definir la forma mediante la cual llevar\u00e1n a cabo los procesos necesarios para satisfacer las necesidades&#8230; <a class=\"read-more\" href=\"https:\/\/www.radiopresidenteibanez.cl\/web\/llamaran-a-proceso-de-seleccion-cargos-directivos-del-hospital-clinico-magallanes\/\">Leer m\u00e1s<\/a><\/p>\n","protected":false},"author":2,"featured_media":13332,"comment_status":"closed","ping_status":"closed","sticky":false,"template":"","format":"standard","meta":{"footnotes":""},"categories":[1],"tags":[],"class_list":["post-13331","post","type-post","status-publish","format-standard","has-post-thumbnail","hentry","category-cronica"],"_links":{"self":[{"href":"https:\/\/www.radiopresidenteibanez.cl\/web\/wp-json\/wp\/v2\/posts\/13331","targetHints":{"allow":["GET"]}}],"collection":[{"href":"https:\/\/www.radiopresidenteibanez.cl\/web\/wp-json\/wp\/v2\/posts"}],"about":[{"href":"https:\/\/www.radiopresidenteibanez.cl\/web\/wp-json\/wp\/v2\/types\/post"}],"author":[{"embeddable":true,"href":"https:\/\/www.radiopresidenteibanez.cl\/web\/wp-json\/wp\/v2\/users\/2"}],"replies":[{"embeddable":true,"href":"https:\/\/www.radiopresidenteibanez.cl\/web\/wp-json\/wp\/v2\/comments?post=13331"}],"version-history":[{"count":0,"href":"https:\/\/www.radiopresidenteibanez.cl\/web\/wp-json\/wp\/v2\/posts\/13331\/revisions"}],"wp:featuredmedia":[{"embeddable":true,"href":"https:\/\/www.radiopresidenteibanez.cl\/web\/wp-json\/wp\/v2\/media\/13332"}],"wp:attachment":[{"href":"https:\/\/www.radiopresidenteibanez.cl\/web\/wp-json\/wp\/v2\/media?parent=13331"}],"wp:term":[{"taxonomy":"category","embeddable":true,"href":"https:\/\/www.radiopresidenteibanez.cl\/web\/wp-json\/wp\/v2\/categories?post=13331"},{"taxonomy":"post_tag","embeddable":true,"href":"https:\/\/www.radiopresidenteibanez.cl\/web\/wp-json\/wp\/v2\/tags?post=13331"}],"curies":[{"name":"wp","href":"https:\/\/api.w.org\/{rel}","templated":true}]}}