{"id":13326,"date":"2020-07-13T13:15:30","date_gmt":"2020-07-13T13:15:30","guid":{"rendered":"https:\/\/www.radiopresidenteibanez.cl\/web\/?p=13326"},"modified":"2020-07-13T13:15:35","modified_gmt":"2020-07-13T13:15:35","slug":"gobernacion-provincial-informa-ruta-entre-el-bolson-y-bariloche-se-encuentra-cerrada-por-condiciones-climaticas","status":"publish","type":"post","link":"https:\/\/www.radiopresidenteibanez.cl\/web\/gobernacion-provincial-informa-ruta-entre-el-bolson-y-bariloche-se-encuentra-cerrada-por-condiciones-climaticas\/","title":{"rendered":"GOBERNACI\u00d3N PROVINCIAL INFORMA: RUTA ENTRE EL BOLS\u00d3N Y BARILOCHE SE ENCUENTRA CERRADA POR CONDICIONES CLIM\u00c1TICAS."},"content":{"rendered":"\n<p>La ruta RN40 entre Bariloche\ny El Bols\u00f3n se encuentra cerrada en ambos sentidos, hasta nuevo aviso, as\u00ed como\nel paso fronterizo Cardenal Samor\u00e9,\nque conecta a Chile con Argentina, debido a las nevadas que se registran en el\nsector de la alta cordillera, en zona lim\u00edtrofe. La nieve acumulada y la\nvisibilidad reducida, afectaron el tr\u00e1nsito en la ruta lo que motiv\u00f3 el cierre\nde los pasos internacionales.<\/p>\n\n\n\n<p>No hay novedades sobre una\nposible apertura, sobre todo, ante el pron\u00f3stico del tiempo para la zona, que\nanuncia la continuidad de las nevadas, por lo menos por tres d\u00edas m\u00e1s. En el\nlugar se encuentran trabajando en el despeje de las rutas, las Direcciones de\nVialidad, tanto de Argentina, como de Chile.<\/p>\n\n\n\n<p>En contacto con el C\u00f3nsul\ngeneral de Chile en Bariloche, Argentina, Diego Velasco, \u00e9ste solicit\u00f3\nencarecidamente que \u201cantes de ingresar a territorio argentino, antes de cruzar\npor Integraci\u00f3n Austral, se hagan las coordinaciones previas con los agentes\ncorrespondientes para averiguar c\u00f3mo est\u00e1 el camino, porque en realidad, hemos\ntenido nevadas hist\u00f3ricas. En la zona del cerro Catedral llevamos m\u00e1s de dos\nmetros de nieve y en la cordillera, es lo mismo\u201d.<\/p>\n\n\n\n<p>El C\u00f3nsul agreg\u00f3 que es\ninusual que el Paso Samor\u00e9 se cierre, generalmente es el \u00fanico paso en toda la\ncordillera que no lo hace, pero este a\u00f1o, ya ha tenido cuatro cierres en las\n\u00faltimas tres semanas. Destac\u00f3 el esfuerzo y coordinaci\u00f3n permanente que se\ntiene con vialidad argentina, con Gendarmer\u00eda nacional argentina y con la contraparte\ncoordinadora del paso Samor\u00e9 del lado chileno. El Bols\u00f3n y Bariloche,\nespecialmente la zona de la Veranada, se encuentra con planchones de hielo en\ntoda la carretera, lo cual ha provocado volcamiento de camiones.<\/p>\n\n\n\n<p>El gobernador provincial de\nMagallanes, Homero Villegas N\u00fa\u00f1ez, realiz\u00f3 un llamado a los transportistas, que\nen la actualidad y por las razones que implica la pandemia, son los \u00fanicos que\ncirculan con sus veh\u00edculos a trav\u00e9s de las fronteras, a extremar las medidas de\nprecauci\u00f3n \u201cSabemos que la labor que est\u00e1n realizando los transportistas es muy\nimportante para el abastecimiento de la regi\u00f3n, pero dadas las condiciones\nclim\u00e1ticas adversas y extremas, les solicitamos que, de salir de nuestro pa\u00eds,\nprocuren llevar consigo m\u00e1s alimentaci\u00f3n y m\u00e1s combustible. El paso fronterizo\nIntegraci\u00f3n Austral est\u00e1 habilitado, de 08:00am hasta las 18:00pm, aunque la\nrecomendaci\u00f3n es a no viajar si no es absolutamente necesario, estamos\npreocupados, pues los caminos en los sectores se\u00f1alados est\u00e1n intransitables\npor la acumulaci\u00f3n de nieve y la visibilidad reducida\u201d.<\/p>\n\n\n\n<p>En ese sentido, cabe se\u00f1alar\nque, seg\u00fan lo informado por el C\u00f3nsul, el paso Cardenal Samor\u00e9 se ha abierto\ns\u00f3lo para tratar de ayudar a los 5 camiones que ese encuentran varados desde el\nd\u00eda viernes, entre las dos aduanas. Reci\u00e9n lograron llegar las m\u00e1quinas\nchilenas al l\u00edmite, mientras que en el lado argentino est\u00e1n trabajando sin\ndescanso. Vialidad argentina pudo llegar a pie y llevarles alimento, y\nconstatar que los conductores estaban en buenas condiciones. Las m\u00e1quinas\nlimpiadoras de nieve empezaron a bajar ya con m\u00e1s velocidad, aproximadamente a\nlas 7 de la noche para liberar el camino y se espera que durante el d\u00eda de hoy\nlunes, se puedan sacar los camiones mencionados y &nbsp;50 m\u00e1s que se encuentran en Samor\u00e9, en el lado\nargentino.<\/p>\n\n\n\n<p>Por todo lo anterior y dadas\nlas circunstancias, se recomienda a los transportistas no viajar, en lo\nposible, hacia Argentina.<\/p>\n","protected":false},"excerpt":{"rendered":"<p>La ruta RN40 entre Bariloche y El Bols\u00f3n se encuentra cerrada en ambos sentidos, hasta nuevo aviso, as\u00ed como el paso fronterizo Cardenal Samor\u00e9, que conecta a Chile con Argentina,&#8230; <a class=\"read-more\" href=\"https:\/\/www.radiopresidenteibanez.cl\/web\/gobernacion-provincial-informa-ruta-entre-el-bolson-y-bariloche-se-encuentra-cerrada-por-condiciones-climaticas\/\">Leer m\u00e1s<\/a><\/p>\n","protected":false},"author":2,"featured_media":13327,"comment_status":"closed","ping_status":"closed","sticky":false,"template":"","format":"standard","meta":{"footnotes":""},"categories":[1],"tags":[],"class_list":["post-13326","post","type-post","status-publish","format-standard","has-post-thumbnail","hentry","category-cronica"],"_links":{"self":[{"href":"https:\/\/www.radiopresidenteibanez.cl\/web\/wp-json\/wp\/v2\/posts\/13326","targetHints":{"allow":["GET"]}}],"collection":[{"href":"https:\/\/www.radiopresidenteibanez.cl\/web\/wp-json\/wp\/v2\/posts"}],"about":[{"href":"https:\/\/www.radiopresidenteibanez.cl\/web\/wp-json\/wp\/v2\/types\/post"}],"author":[{"embeddable":true,"href":"https:\/\/www.radiopresidenteibanez.cl\/web\/wp-json\/wp\/v2\/users\/2"}],"replies":[{"embeddable":true,"href":"https:\/\/www.radiopresidenteibanez.cl\/web\/wp-json\/wp\/v2\/comments?post=13326"}],"version-history":[{"count":0,"href":"https:\/\/www.radiopresidenteibanez.cl\/web\/wp-json\/wp\/v2\/posts\/13326\/revisions"}],"wp:featuredmedia":[{"embeddable":true,"href":"https:\/\/www.radiopresidenteibanez.cl\/web\/wp-json\/wp\/v2\/media\/13327"}],"wp:attachment":[{"href":"https:\/\/www.radiopresidenteibanez.cl\/web\/wp-json\/wp\/v2\/media?parent=13326"}],"wp:term":[{"taxonomy":"category","embeddable":true,"href":"https:\/\/www.radiopresidenteibanez.cl\/web\/wp-json\/wp\/v2\/categories?post=13326"},{"taxonomy":"post_tag","embeddable":true,"href":"https:\/\/www.radiopresidenteibanez.cl\/web\/wp-json\/wp\/v2\/tags?post=13326"}],"curies":[{"name":"wp","href":"https:\/\/api.w.org\/{rel}","templated":true}]}}