{"id":13324,"date":"2020-07-13T13:13:38","date_gmt":"2020-07-13T13:13:38","guid":{"rendered":"https:\/\/www.radiopresidenteibanez.cl\/web\/?p=13324"},"modified":"2020-07-13T13:13:41","modified_gmt":"2020-07-13T13:13:41","slug":"2-ingenieros-forestales-opinan-que-el-diagnostico-pagado-por-el-municipio-puntarenense-carece-de-parametros-para-definir-la-tala-de-arboles-centenarios","status":"publish","type":"post","link":"https:\/\/www.radiopresidenteibanez.cl\/web\/2-ingenieros-forestales-opinan-que-el-diagnostico-pagado-por-el-municipio-puntarenense-carece-de-parametros-para-definir-la-tala-de-arboles-centenarios\/","title":{"rendered":"2 INGENIEROS FORESTALES OPINAN QUE EL DIAGN\u00d3STICO PAGADO POR EL MUNICIPIO PUNTARENENSE CARECE DE PAR\u00c1METROS PARA DEFINIR LA TALA DE \u00c1RBOLES CENTENARIOS"},"content":{"rendered":"\n<p>Este lunes 13\nde julio a las 16.00 horas, se realizar\u00e1 una sesi\u00f3n extraordinaria del Concejo\nMunicipal de Punta Arenas, cuya finalidad es tratar dos temas. Uno de ellos se\nrefiere al destino de los \u00e1rboles centenarios de la plaza Benjam\u00edn Mu\u00f1oz Gamero,\nque en las \u00faltimas semanas ha generado pol\u00e9mica por la decisi\u00f3n del alcalde,\nClaudio Radonich, de talar tres de estas especies, bas\u00e1ndose en un informe que\nla empresa Poda &amp; Talas Chile Limitada realiz\u00f3 el a\u00f1o 2018, por un monto de\n$12.480.000.-<\/p>\n\n\n\n<p>En la sesi\u00f3n,\nlos ingenieros forestales Juan Ruiz y Andr\u00e9s Vilaboa, contar\u00e1n con un espacio\npara exponer su an\u00e1lisis acerca del Diagn\u00f3stico de 60 \u00e1rboles longevos, pagado\npor el municipio de Punta Arenas. Ambos profesionales asistieron a la Comisi\u00f3n\nde Medio Ambiente realizada el 09 de julio, donde explicaron que dicho estudio\nno consider\u00f3 todos los par\u00e1metros necesarios para determinar si es pertinente\nproceder a la tala. Algunos ausentes fueron: la homogeneidad y coloraci\u00f3n del\nfollaje, presencia de ramas muertas, altura del \u00e1rbol y la relaci\u00f3n di\u00e1metro\naltura pecho. Tambi\u00e9n se\u00f1alaron que si bien el informe planteaba la tala\nurgente de algunos ejemplares, estos ya han soportado 2 temporadas de vientos,\nlo que pone en duda la validez absoluta.<\/p>\n\n\n\n<p>Por su parte,\nel Movimiento Pro-Verde entreg\u00f3 hoy una carta dirigida al alcalde de Punta\nArenas y concejales de la comuna, que incluye una propuesta ciudadana suscrita\ntambi\u00e9n por: Agrupaci\u00f3n de Personas Mayores Plumas Literarias, Agrupaci\u00f3n\ncampesina Sue\u00f1os y Esperanza, Agrupaci\u00f3n cultural Proa, Compa\u00f1\u00eda de teatro El\nChuzo, Sociedad Tolkien Magallanes, Frente de defensa ecol\u00f3gico austral y la Comunidad\nKawesqar Grupos Familiares N\u00f3mades del Mar. Adem\u00e1s, se adjunt\u00f3 un documento con\nlas firmas de la campa\u00f1a de Change.org que hasta anoche hab\u00eda superado las\n9.000 firmas de adherentes.<\/p>\n","protected":false},"excerpt":{"rendered":"<p>Este lunes 13 de julio a las 16.00 horas, se realizar\u00e1 una sesi\u00f3n extraordinaria del Concejo Municipal de Punta Arenas, cuya finalidad es tratar dos temas. Uno de ellos se&#8230; <a class=\"read-more\" href=\"https:\/\/www.radiopresidenteibanez.cl\/web\/2-ingenieros-forestales-opinan-que-el-diagnostico-pagado-por-el-municipio-puntarenense-carece-de-parametros-para-definir-la-tala-de-arboles-centenarios\/\">Leer m\u00e1s<\/a><\/p>\n","protected":false},"author":2,"featured_media":13169,"comment_status":"closed","ping_status":"closed","sticky":false,"template":"","format":"standard","meta":{"footnotes":""},"categories":[1],"tags":[],"class_list":["post-13324","post","type-post","status-publish","format-standard","has-post-thumbnail","hentry","category-cronica"],"_links":{"self":[{"href":"https:\/\/www.radiopresidenteibanez.cl\/web\/wp-json\/wp\/v2\/posts\/13324","targetHints":{"allow":["GET"]}}],"collection":[{"href":"https:\/\/www.radiopresidenteibanez.cl\/web\/wp-json\/wp\/v2\/posts"}],"about":[{"href":"https:\/\/www.radiopresidenteibanez.cl\/web\/wp-json\/wp\/v2\/types\/post"}],"author":[{"embeddable":true,"href":"https:\/\/www.radiopresidenteibanez.cl\/web\/wp-json\/wp\/v2\/users\/2"}],"replies":[{"embeddable":true,"href":"https:\/\/www.radiopresidenteibanez.cl\/web\/wp-json\/wp\/v2\/comments?post=13324"}],"version-history":[{"count":0,"href":"https:\/\/www.radiopresidenteibanez.cl\/web\/wp-json\/wp\/v2\/posts\/13324\/revisions"}],"wp:featuredmedia":[{"embeddable":true,"href":"https:\/\/www.radiopresidenteibanez.cl\/web\/wp-json\/wp\/v2\/media\/13169"}],"wp:attachment":[{"href":"https:\/\/www.radiopresidenteibanez.cl\/web\/wp-json\/wp\/v2\/media?parent=13324"}],"wp:term":[{"taxonomy":"category","embeddable":true,"href":"https:\/\/www.radiopresidenteibanez.cl\/web\/wp-json\/wp\/v2\/categories?post=13324"},{"taxonomy":"post_tag","embeddable":true,"href":"https:\/\/www.radiopresidenteibanez.cl\/web\/wp-json\/wp\/v2\/tags?post=13324"}],"curies":[{"name":"wp","href":"https:\/\/api.w.org\/{rel}","templated":true}]}}