{"id":13322,"date":"2020-07-13T13:11:29","date_gmt":"2020-07-13T13:11:29","guid":{"rendered":"https:\/\/www.radiopresidenteibanez.cl\/web\/?p=13322"},"modified":"2020-07-13T13:11:35","modified_gmt":"2020-07-13T13:11:35","slug":"personal-de-la-fuerza-aerea-hizo-uso-de-su-arma-de-servicio-luego-de-que-conductor-no-respetara-punto-de-control-e-intentara-atropellarlos","status":"publish","type":"post","link":"https:\/\/www.radiopresidenteibanez.cl\/web\/personal-de-la-fuerza-aerea-hizo-uso-de-su-arma-de-servicio-luego-de-que-conductor-no-respetara-punto-de-control-e-intentara-atropellarlos\/","title":{"rendered":"PERSONAL DE LA FUERZA A\u00c9REA HIZO USO DE SU ARMA DE SERVICIO LUEGO DE QUE CONDUCTOR NO RESPETAR\u00c1 PUNTO DE CONTROL E INTENTAR\u00c1 ATROPELLARLOS"},"content":{"rendered":"\n<p>Durante las \u00faltimas horas, se gesto un procedimiento debido a que un conductor se diera a la fuga luego de llegar a un punto de control de la Fuerza A\u00e9rea en el sector de Zona Franca, en la ocasi\u00f3n el individuo intento atropellar a los funcionarios, por lo que r\u00e1pidamente se gest\u00f3 una persecuci\u00f3n.<\/p>\n\n\n\n<p>Posteriormente, Carabineros y personal de la Fuerza A\u00e9rea, dio con el veh\u00edculo en el sector de la costanera de R\u00edo Seco, donde el conductor nuevamente se dio a la fuga dejando su veh\u00edculo.<\/p>\n\n\n\n<p>En la oportunidad, uno de los efectivos de la Fuerza A\u00e9rea, debi\u00f3 hacer uso de su arma de servicio efectuando un disparo al neum\u00e1tico del auto.<\/p>\n\n\n\n<p>Al cierre de esta edici\u00f3n, Carabineros se encuentra trabajando para dar con el paradero del conductor.<\/p>\n\n\n\n<p><\/p>\n\n\n\n<p>CHH.<\/p>\n","protected":false},"excerpt":{"rendered":"<p>Durante las \u00faltimas horas, se gesto un procedimiento debido a que un conductor se diera a la fuga luego de llegar a un punto de control de la Fuerza A\u00e9rea&#8230; <a class=\"read-more\" href=\"https:\/\/www.radiopresidenteibanez.cl\/web\/personal-de-la-fuerza-aerea-hizo-uso-de-su-arma-de-servicio-luego-de-que-conductor-no-respetara-punto-de-control-e-intentara-atropellarlos\/\">Leer m\u00e1s<\/a><\/p>\n","protected":false},"author":2,"featured_media":740,"comment_status":"closed","ping_status":"closed","sticky":false,"template":"","format":"standard","meta":{"footnotes":""},"categories":[1],"tags":[],"class_list":["post-13322","post","type-post","status-publish","format-standard","has-post-thumbnail","hentry","category-cronica"],"_links":{"self":[{"href":"https:\/\/www.radiopresidenteibanez.cl\/web\/wp-json\/wp\/v2\/posts\/13322","targetHints":{"allow":["GET"]}}],"collection":[{"href":"https:\/\/www.radiopresidenteibanez.cl\/web\/wp-json\/wp\/v2\/posts"}],"about":[{"href":"https:\/\/www.radiopresidenteibanez.cl\/web\/wp-json\/wp\/v2\/types\/post"}],"author":[{"embeddable":true,"href":"https:\/\/www.radiopresidenteibanez.cl\/web\/wp-json\/wp\/v2\/users\/2"}],"replies":[{"embeddable":true,"href":"https:\/\/www.radiopresidenteibanez.cl\/web\/wp-json\/wp\/v2\/comments?post=13322"}],"version-history":[{"count":0,"href":"https:\/\/www.radiopresidenteibanez.cl\/web\/wp-json\/wp\/v2\/posts\/13322\/revisions"}],"wp:featuredmedia":[{"embeddable":true,"href":"https:\/\/www.radiopresidenteibanez.cl\/web\/wp-json\/wp\/v2\/media\/740"}],"wp:attachment":[{"href":"https:\/\/www.radiopresidenteibanez.cl\/web\/wp-json\/wp\/v2\/media?parent=13322"}],"wp:term":[{"taxonomy":"category","embeddable":true,"href":"https:\/\/www.radiopresidenteibanez.cl\/web\/wp-json\/wp\/v2\/categories?post=13322"},{"taxonomy":"post_tag","embeddable":true,"href":"https:\/\/www.radiopresidenteibanez.cl\/web\/wp-json\/wp\/v2\/tags?post=13322"}],"curies":[{"name":"wp","href":"https:\/\/api.w.org\/{rel}","templated":true}]}}