{"id":13314,"date":"2020-07-13T12:34:05","date_gmt":"2020-07-13T12:34:05","guid":{"rendered":"https:\/\/www.radiopresidenteibanez.cl\/web\/?p=13314"},"modified":"2020-07-13T12:34:09","modified_gmt":"2020-07-13T12:34:09","slug":"poner-panos-frios-por-ernesto-sepulveda","status":"publish","type":"post","link":"https:\/\/www.radiopresidenteibanez.cl\/web\/poner-panos-frios-por-ernesto-sepulveda\/","title":{"rendered":"PONER PA\u00d1OS FR\u00cdOS por Ernesto Sepulveda"},"content":{"rendered":"\n<p>Esta expresi\u00f3n, usada con\nfrecuencia en el mundo pol\u00edtico, alude a bajar la temperatura, la fiebre,\ncuando se quiere apaciguar algo. Y creo que viene al caso, en el debate sobre\nel retiro de un 10% de los ahorros previsionales. El origen de la discusi\u00f3n,\nfue la ausencia de apoyos efectivos a la fam\u00e9lica clase media chilena. Un\ntard\u00edo anuncio presidencial, que se crear\u00e1 un \u201cpr\u00e9stamo estatal\u201d, no fue\nsuficiente para impedir la aprobaci\u00f3n del proyecto del 10%. Los diputados\ndir\u00edan despu\u00e9s, que ni siquiera existe proyecto del gobierno, y que de cr\u00e9ditos\nla clase media est\u00e1, <a>hasta<\/a><a href=\"#_msocom_1\">[e1]<\/a>&nbsp;\nm\u00e1s arriba del cuello.&nbsp; La entrega de\nsoluciones parciales, con montos diminutos, ha sido la t\u00f3nica del Ministerio de\nHacienda, desde tiempos inmemoriales. Hacerlo en medio de la pandemia,\npareciera no ser lo adecuado, y consumir\u00e1 el apoyo del que gozaba el actual\nministro. Hasta ah\u00ed pareciera ser la repetici\u00f3n del guion de la tramitaci\u00f3n\nparlamentaria del Ingreso Familiar de Emergencia. Lo que vino a incendiar una\npradera, que ya estaba suficientemente seca, fue que un sector de la derecha,\nazuzar\u00e1 una defensa sin cuartel de las AFP. Las descalificaciones, apelativos\ninjuriosos de lado y lado, no se hicieron esperar. Y hoy, las redes sociales, y\nlos medios de prensa tradicionales, est\u00e1n plagadas de art\u00edculos y notas de\nprensa, que infunden temor, o incitan al odio.<\/p>\n\n\n\n<p>Hay que poner pa\u00f1os fr\u00edos. La\nsoluci\u00f3n para la clase media, y para todos los sectores econ\u00f3micos y sociales\nde Chile, es poder contar con recursos para paliar la crisis. Si estos\nprovienen del empleo, para aquellos afortunados que aun lo tienen, o proviene\ndel IFE 1.0, 2,0 o similar. O proviene de un pr\u00e9stamo sin inter\u00e9s, puede\nprovocar diferencias de opini\u00f3n, pero, a fin de cuentas, son f\u00f3rmulas\nconocidas, y archiaplicadas.&nbsp; Lo que ha\nproducido el revuelo actual, es que, desde la existencia de las AFP, creadas en\n1981, nunca se contempl\u00f3 la posibilidad de efectuar estos retiros. Y claro,\ntampoco hubo ocasi\u00f3n de discutir el contenido del DL 3.500, porque est\u00e1bamos en\ndictadura. Hay que decirlo, tampoco se introdujo esa finalidad para los fondos\nprevisionales, en los sucesivos cambios introducidos durante los gobiernos de\nla concertaci\u00f3n. Entonces, nos encontramos de sopet\u00f3n, en la discusi\u00f3n de un\ntema de fondo. La concepci\u00f3n que tiene el Chile de hoy, sobre su sistema de\npensiones, cuando lo que se busca es una soluci\u00f3n r\u00e1pida, de ayuda a la clase\nmedia empobrecida.<\/p>\n\n\n\n<p>Esta discusi\u00f3n de fondo, debe\ntener lugar en torno a la tramitaci\u00f3n el proyecto de reforma al sistema de\npensiones. Est\u00e1 en tr\u00e1mite, fue uno de las materias exigidas en el estallido\nsocial. Que quiero decir con esto. La soluci\u00f3n para la clase media, es\nacuciante, requiere respuesta hoy d\u00eda. El gobierno actu\u00f3 con lentitud excesiva\ny debe corregir. Un beneficio que consista en una transferencia expedita de\nrecursos. Un monto a definir razonable, que implique un apoyo real. Los parlamentarios\nde oposici\u00f3n y de derecha, le advirtieron al gobierno.&nbsp; Los votos para aprobar el retiro de fondos de\nlas AFP, pr\u00e1cticamente est\u00e1n asegurados. Tambi\u00e9n se ha dicho en distintos\ntonos, se sabe que no es la soluci\u00f3n ideal. Nuestros fondos previsionales son\nescu\u00e1lidos, y esto no los mejorar\u00e1. La discusi\u00f3n sobre un verdadero sistema de\nseguridad social, es ineludible. Ya se est\u00e1 discutiendo en sede del congreso, y\ntambi\u00e9n en los espacios virtuales. Luego se debatir\u00e1 en calles y oficinas. Y\nas\u00ed debe ser, no se puede impedir ese debate. Y en Chile no existen temas\ntab\u00faes, o sectores inamovibles. Pero a\u00fan esa discusi\u00f3n, debe canalizarse y\nexpresarse en forma pac\u00edfica y respetuosa. Tenemos el deber moral, de resolver\nnuestras diferencias de este modo. Peque\u00f1os sectores pol\u00edticos radicalizados,\nde lado y lado, tienen una verdadera pulsi\u00f3n por el enfrentamiento. Y as\u00ed lo\nexpresan con ep\u00edtetos injuriosos, afirmaciones falaces, tratando de provocar\nrechazo. Ese no es el camino para Chile.&nbsp;\nDebemos tomarnos el tiempo, que nosotros requerimos para discutir la\nsociedad futura que queremos, en paz, en transparencia. Respetando al\nadversario como persona, y tratando a todos por igual. Degradar el debate\np\u00fablico, no sirve a la democracia, no sirve a los trabajadores, no sirve al\ncapital, ni a instituci\u00f3n alguna.<\/p>\n\n\n\n<p>Poner pa\u00f1os fr\u00edos. Para encontrar\nla soluci\u00f3n mas adecuada al clamor de la clase media, y para retomar la\nconstrucci\u00f3n del hogar, de la familia, de la sociedad que queremos.<\/p>\n\n\n\n<p>Ernesto Sep\u00falveda Tornero<\/p>\n","protected":false},"excerpt":{"rendered":"<p>Esta expresi\u00f3n, usada con frecuencia en el mundo pol\u00edtico, alude a bajar la temperatura, la fiebre, cuando se quiere apaciguar algo. Y creo que viene al caso, en el debate&#8230; <a class=\"read-more\" href=\"https:\/\/www.radiopresidenteibanez.cl\/web\/poner-panos-frios-por-ernesto-sepulveda\/\">Leer m\u00e1s<\/a><\/p>\n","protected":false},"author":2,"featured_media":2310,"comment_status":"closed","ping_status":"closed","sticky":false,"template":"","format":"standard","meta":{"footnotes":""},"categories":[1],"tags":[],"class_list":["post-13314","post","type-post","status-publish","format-standard","has-post-thumbnail","hentry","category-cronica"],"_links":{"self":[{"href":"https:\/\/www.radiopresidenteibanez.cl\/web\/wp-json\/wp\/v2\/posts\/13314","targetHints":{"allow":["GET"]}}],"collection":[{"href":"https:\/\/www.radiopresidenteibanez.cl\/web\/wp-json\/wp\/v2\/posts"}],"about":[{"href":"https:\/\/www.radiopresidenteibanez.cl\/web\/wp-json\/wp\/v2\/types\/post"}],"author":[{"embeddable":true,"href":"https:\/\/www.radiopresidenteibanez.cl\/web\/wp-json\/wp\/v2\/users\/2"}],"replies":[{"embeddable":true,"href":"https:\/\/www.radiopresidenteibanez.cl\/web\/wp-json\/wp\/v2\/comments?post=13314"}],"version-history":[{"count":0,"href":"https:\/\/www.radiopresidenteibanez.cl\/web\/wp-json\/wp\/v2\/posts\/13314\/revisions"}],"wp:featuredmedia":[{"embeddable":true,"href":"https:\/\/www.radiopresidenteibanez.cl\/web\/wp-json\/wp\/v2\/media\/2310"}],"wp:attachment":[{"href":"https:\/\/www.radiopresidenteibanez.cl\/web\/wp-json\/wp\/v2\/media?parent=13314"}],"wp:term":[{"taxonomy":"category","embeddable":true,"href":"https:\/\/www.radiopresidenteibanez.cl\/web\/wp-json\/wp\/v2\/categories?post=13314"},{"taxonomy":"post_tag","embeddable":true,"href":"https:\/\/www.radiopresidenteibanez.cl\/web\/wp-json\/wp\/v2\/tags?post=13314"}],"curies":[{"name":"wp","href":"https:\/\/api.w.org\/{rel}","templated":true}]}}