{"id":1331,"date":"2019-02-11T14:47:23","date_gmt":"2019-02-11T14:47:23","guid":{"rendered":"http:\/\/www.radiopresidenteibanez.cl\/web\/?p=1331"},"modified":"2019-02-11T14:47:30","modified_gmt":"2019-02-11T14:47:30","slug":"presidente-pinera-encabeza-comite-politico-en-la-moneda","status":"publish","type":"post","link":"https:\/\/www.radiopresidenteibanez.cl\/web\/presidente-pinera-encabeza-comite-politico-en-la-moneda\/","title":{"rendered":"PRESIDENTE PI\u00d1ERA ENCABEZA COMIT\u00c9 POL\u00cdTICO EN LA MONEDA"},"content":{"rendered":"\n<p>En\u00a0la\u00a0ocasi\u00f3n,\u00a0se\u00a0analiz\u00f3\u00a0la\u00a0situaci\u00f3n\u00a0en\u00a0las\u00a0regiones\u00a0afectadas\u00a0en\u00a0el\u00a0norte\u00a0deChile,\u00a0los\u00a0incendios\u00a0forestales\u00a0enel\u00a0sur\u00a0del\u00a0pa\u00eds\u00a0y\u00a0los\u00a0avances\u00a0en\u00a0las\u00a0principales\u00a0iniciativas\u00a0del\u00a0Gobierno\u00a0para\u00a0el\u00a02019.<\/p>\n\n\n\n<p>En&nbsp;la&nbsp;reuni\u00f3n&nbsp;estuvieron&nbsp;presentes&nbsp;el&nbsp;Ministro&nbsp;de&nbsp;Desarrollo&nbsp;Social,&nbsp;Alfredo&nbsp;Moreno,&nbsp;y&nbsp;los&nbsp;Ministros&nbsp;(s)&nbsp;deInterior,&nbsp;Rodrigo&nbsp;Ubilla;&nbsp;de&nbsp;Hacienda,&nbsp;Rodrigo&nbsp;Cerda;&nbsp;de&nbsp;la&nbsp;Secretar\u00eda&nbsp;General&nbsp;de&nbsp;Gobierno,&nbsp;EmardoHantelmann;&nbsp;y&nbsp;de&nbsp;la&nbsp;Secretaria&nbsp;General&nbsp;de&nbsp;la&nbsp;Presidencia,&nbsp;Claudio&nbsp;Alvarado\n\n<\/p>\n","protected":false},"excerpt":{"rendered":"<p>En\u00a0la\u00a0ocasi\u00f3n,\u00a0se\u00a0analiz\u00f3\u00a0la\u00a0situaci\u00f3n\u00a0en\u00a0las\u00a0regiones\u00a0afectadas\u00a0en\u00a0el\u00a0norte\u00a0deChile,\u00a0los\u00a0incendios\u00a0forestales\u00a0enel\u00a0sur\u00a0del\u00a0pa\u00eds\u00a0y\u00a0los\u00a0avances\u00a0en\u00a0las\u00a0principales\u00a0iniciativas\u00a0del\u00a0Gobierno\u00a0para\u00a0el\u00a02019. En&nbsp;la&nbsp;reuni\u00f3n&nbsp;estuvieron&nbsp;presentes&nbsp;el&nbsp;Ministro&nbsp;de&nbsp;Desarrollo&nbsp;Social,&nbsp;Alfredo&nbsp;Moreno,&nbsp;y&nbsp;los&nbsp;Ministros&nbsp;(s)&nbsp;deInterior,&nbsp;Rodrigo&nbsp;Ubilla;&nbsp;de&nbsp;Hacienda,&nbsp;Rodrigo&nbsp;Cerda;&nbsp;de&nbsp;la&nbsp;Secretar\u00eda&nbsp;General&nbsp;de&nbsp;Gobierno,&nbsp;EmardoHantelmann;&nbsp;y&nbsp;de&nbsp;la&nbsp;Secretaria&nbsp;General&nbsp;de&nbsp;la&nbsp;Presidencia,&nbsp;Claudio&nbsp;Alvarado<\/p>\n","protected":false},"author":2,"featured_media":1332,"comment_status":"closed","ping_status":"closed","sticky":false,"template":"","format":"standard","meta":{"footnotes":""},"categories":[5],"tags":[],"class_list":["post-1331","post","type-post","status-publish","format-standard","has-post-thumbnail","hentry","category-politica"],"_links":{"self":[{"href":"https:\/\/www.radiopresidenteibanez.cl\/web\/wp-json\/wp\/v2\/posts\/1331","targetHints":{"allow":["GET"]}}],"collection":[{"href":"https:\/\/www.radiopresidenteibanez.cl\/web\/wp-json\/wp\/v2\/posts"}],"about":[{"href":"https:\/\/www.radiopresidenteibanez.cl\/web\/wp-json\/wp\/v2\/types\/post"}],"author":[{"embeddable":true,"href":"https:\/\/www.radiopresidenteibanez.cl\/web\/wp-json\/wp\/v2\/users\/2"}],"replies":[{"embeddable":true,"href":"https:\/\/www.radiopresidenteibanez.cl\/web\/wp-json\/wp\/v2\/comments?post=1331"}],"version-history":[{"count":0,"href":"https:\/\/www.radiopresidenteibanez.cl\/web\/wp-json\/wp\/v2\/posts\/1331\/revisions"}],"wp:featuredmedia":[{"embeddable":true,"href":"https:\/\/www.radiopresidenteibanez.cl\/web\/wp-json\/wp\/v2\/media\/1332"}],"wp:attachment":[{"href":"https:\/\/www.radiopresidenteibanez.cl\/web\/wp-json\/wp\/v2\/media?parent=1331"}],"wp:term":[{"taxonomy":"category","embeddable":true,"href":"https:\/\/www.radiopresidenteibanez.cl\/web\/wp-json\/wp\/v2\/categories?post=1331"},{"taxonomy":"post_tag","embeddable":true,"href":"https:\/\/www.radiopresidenteibanez.cl\/web\/wp-json\/wp\/v2\/tags?post=1331"}],"curies":[{"name":"wp","href":"https:\/\/api.w.org\/{rel}","templated":true}]}}