{"id":13299,"date":"2020-07-11T19:36:09","date_gmt":"2020-07-11T19:36:09","guid":{"rendered":"https:\/\/www.radiopresidenteibanez.cl\/web\/?p=13299"},"modified":"2020-07-11T19:36:13","modified_gmt":"2020-07-11T19:36:13","slug":"ante-la-negativa-de-la-corte-de-apelaciones-de-punta-arenas-nuestra-solidaridad-con-beatriz-valenzuela","status":"publish","type":"post","link":"https:\/\/www.radiopresidenteibanez.cl\/web\/ante-la-negativa-de-la-corte-de-apelaciones-de-punta-arenas-nuestra-solidaridad-con-beatriz-valenzuela\/","title":{"rendered":"ANTE LA NEGATIVA DE LA CORTE DE APELACIONES DE PUNTA ARENAS, NUESTRA SOLIDARIDAD CON BEATRIZ VALENZUELA"},"content":{"rendered":"\n<p>\n\nLa Corte de Apelaciones de Punta Arenas ha fallado en contra del recurso de protecci\u00f3n presentado por Beatriz Valenzuela contra la negativa de la AFP Habitat al negarsele la opci\u00f3n de retirar el balance total de sus fondos de jubilaci\u00f3n. Es una decisi\u00f3n lamentable y cobarde, sin consideraci\u00f3n alguna por la problem\u00e1tica social que este recurso presentaba. Se trata, lisa y llanamente, que los c\u00e1lculos de pensi\u00f3n de Valenzuela, indican que la pensi\u00f3n que sus fondos cautivos en la AFP le otorgar\u00e1n ser\u00e1n tan bajos que no podr\u00e1 subsistir con ellos. En el fondo del asunto este es el problema fundamental. Es un asunto de supervivencia de los cotizantes, muy distinto de la suerte de los ejecutivos de las AFP que reciben millonarios sueldos. La injusticia es clara, y el sistema judicial ampara esta injusticia, ironicamente.<\/p>\n\n\n\n<p>No tuvieron los ilustrisimos de la Corte de Apelaciones de Punta Arenas la entereza de sus colegas de la Corte de Apelaciones de Antofagasta que ordenaron, sin mas, a la AFP Cuprum a pagarle a Mar\u00eda Ang\u00e9lica Ojeda la totalidad de sus fondos de pensiones. En alg\u00fan momento pensamos que nuestros coterraenos ser\u00edan lo suficientemente valientes para seguir ese ejemplo, pero estabamos equivocados.<\/p>\n\n\n\n<p>Desde la Coordinadora NO+AFP de Magallanes hacemos llegar nuestra agradecida solidaridad con la compa\u00f1era Beatriz, que ha tenido la valent\u00eda de llevar adelante este proceso. No ha sido f\u00e1cil. Es disruptivo de su vida personal. Sus razones, sus finanzas, todo esto ha tenido que ponerse en la mira p\u00fablica. Ha tenido que explicarlo una y otra vez a los medios que requieren su historia. Es la m\u00edtica lucha de David contra Goliat, enfrentada con entereza por nuestra compa\u00f1era. Ella asumi\u00f3 la bandera de exigir justicia por todos y todas los que est\u00e1n en situaci\u00f3n similar en Magallanes. Esto lo valoramos profundamente.<\/p>\n\n\n\n<p>Seguramente, esta resoluci\u00f3n ser\u00e1 disputada en la Corte Suprema, y de no haber resoluci\u00f3n all\u00ed, tendremos que buscar alternativas internacionales. Sin embargo, sabemos que al fin, ser\u00e1 el mismo pueblo el que exigir\u00e1 que termine ya este sistema de abusos, derogando el DL 3500 que nos leg\u00f3 la dictadura c\u00edvico-militar, y construyamos un verdadero sistema de seguridad social.<\/p>\n\n\n\n<p>COORDINADORA NO+AFP MAGALLANES<\/p>\n","protected":false},"excerpt":{"rendered":"<p>La Corte de Apelaciones de Punta Arenas ha fallado en contra del recurso de protecci\u00f3n presentado por Beatriz Valenzuela contra la negativa de la AFP Habitat al negarsele la opci\u00f3n&#8230; <a class=\"read-more\" href=\"https:\/\/www.radiopresidenteibanez.cl\/web\/ante-la-negativa-de-la-corte-de-apelaciones-de-punta-arenas-nuestra-solidaridad-con-beatriz-valenzuela\/\">Leer m\u00e1s<\/a><\/p>\n","protected":false},"author":2,"featured_media":13300,"comment_status":"closed","ping_status":"closed","sticky":false,"template":"","format":"standard","meta":{"footnotes":""},"categories":[1],"tags":[],"class_list":["post-13299","post","type-post","status-publish","format-standard","has-post-thumbnail","hentry","category-cronica"],"_links":{"self":[{"href":"https:\/\/www.radiopresidenteibanez.cl\/web\/wp-json\/wp\/v2\/posts\/13299","targetHints":{"allow":["GET"]}}],"collection":[{"href":"https:\/\/www.radiopresidenteibanez.cl\/web\/wp-json\/wp\/v2\/posts"}],"about":[{"href":"https:\/\/www.radiopresidenteibanez.cl\/web\/wp-json\/wp\/v2\/types\/post"}],"author":[{"embeddable":true,"href":"https:\/\/www.radiopresidenteibanez.cl\/web\/wp-json\/wp\/v2\/users\/2"}],"replies":[{"embeddable":true,"href":"https:\/\/www.radiopresidenteibanez.cl\/web\/wp-json\/wp\/v2\/comments?post=13299"}],"version-history":[{"count":0,"href":"https:\/\/www.radiopresidenteibanez.cl\/web\/wp-json\/wp\/v2\/posts\/13299\/revisions"}],"wp:featuredmedia":[{"embeddable":true,"href":"https:\/\/www.radiopresidenteibanez.cl\/web\/wp-json\/wp\/v2\/media\/13300"}],"wp:attachment":[{"href":"https:\/\/www.radiopresidenteibanez.cl\/web\/wp-json\/wp\/v2\/media?parent=13299"}],"wp:term":[{"taxonomy":"category","embeddable":true,"href":"https:\/\/www.radiopresidenteibanez.cl\/web\/wp-json\/wp\/v2\/categories?post=13299"},{"taxonomy":"post_tag","embeddable":true,"href":"https:\/\/www.radiopresidenteibanez.cl\/web\/wp-json\/wp\/v2\/tags?post=13299"}],"curies":[{"name":"wp","href":"https:\/\/api.w.org\/{rel}","templated":true}]}}