{"id":13290,"date":"2020-07-10T13:05:22","date_gmt":"2020-07-10T13:05:22","guid":{"rendered":"https:\/\/www.radiopresidenteibanez.cl\/web\/?p=13290"},"modified":"2020-07-10T13:05:26","modified_gmt":"2020-07-10T13:05:26","slug":"rotura-de-caneria-genero-evacuacion-preventiva-del-hospital-de-puerto-natales","status":"publish","type":"post","link":"https:\/\/www.radiopresidenteibanez.cl\/web\/rotura-de-caneria-genero-evacuacion-preventiva-del-hospital-de-puerto-natales\/","title":{"rendered":"ROTURA DE CA\u00d1ER\u00cdA GENER\u00d3 EVACUACI\u00d3N PREVENTIVA DEL HOSPITAL DE PUERTO NATALES"},"content":{"rendered":"\n<p>Durante la ma\u00f1ana del jueves 9 de julio, una alerta de evacuaci\u00f3n alert\u00f3 al Hospital Doctor Augusto Essmann Burgos de Puerto Natales. Esto, debido a la rotura de una ca\u00f1er\u00eda en la matriz de la red de incendios del recinto hospitalario de la capital de la Provincia de \u00daltima Esperanza.<\/p>\n\n\n\n<p>Ante tal contexto, se activaron las alarmas en el hospital natalino, generando la pronta evacuaci\u00f3n del hospital, apeg\u00e1ndose a los protocolos del recinto sanitario. La evacuaci\u00f3n dur\u00f3 solo unos minutos, la que no afect\u00f3, en definitiva, en la atenci\u00f3n sanitaria del Hospital Dr. Augusto Essmann Burgos.<\/p>\n\n\n\n<p>Por otro lado, el Subdirector de Operaciones del hospital, Jos\u00e9 Miguel Paredes, confirm\u00f3 que esta emergencia se debi\u00f3 a las bajas temperaturas que han azotado los \u00faltimos d\u00edas a Puerto Natales: \u201cA ra\u00edz de las bajas temperaturas que hemos tenido esta semana en la ciudad, se congel\u00f3 la red de incendios del hospital. Debido a que este jueves subieron las temperaturas, se rompi\u00f3 parte de la red por un tap\u00f3n de hielo en una de las ca\u00f1er\u00edas\u201d, dijo Paredes.<\/p>\n","protected":false},"excerpt":{"rendered":"<p>Durante la ma\u00f1ana del jueves 9 de julio, una alerta de evacuaci\u00f3n alert\u00f3 al Hospital Doctor Augusto Essmann Burgos de Puerto Natales. Esto, debido a la rotura de una ca\u00f1er\u00eda&#8230; <a class=\"read-more\" href=\"https:\/\/www.radiopresidenteibanez.cl\/web\/rotura-de-caneria-genero-evacuacion-preventiva-del-hospital-de-puerto-natales\/\">Leer m\u00e1s<\/a><\/p>\n","protected":false},"author":2,"featured_media":13291,"comment_status":"closed","ping_status":"closed","sticky":false,"template":"","format":"standard","meta":{"footnotes":""},"categories":[1],"tags":[],"class_list":["post-13290","post","type-post","status-publish","format-standard","has-post-thumbnail","hentry","category-cronica"],"_links":{"self":[{"href":"https:\/\/www.radiopresidenteibanez.cl\/web\/wp-json\/wp\/v2\/posts\/13290","targetHints":{"allow":["GET"]}}],"collection":[{"href":"https:\/\/www.radiopresidenteibanez.cl\/web\/wp-json\/wp\/v2\/posts"}],"about":[{"href":"https:\/\/www.radiopresidenteibanez.cl\/web\/wp-json\/wp\/v2\/types\/post"}],"author":[{"embeddable":true,"href":"https:\/\/www.radiopresidenteibanez.cl\/web\/wp-json\/wp\/v2\/users\/2"}],"replies":[{"embeddable":true,"href":"https:\/\/www.radiopresidenteibanez.cl\/web\/wp-json\/wp\/v2\/comments?post=13290"}],"version-history":[{"count":0,"href":"https:\/\/www.radiopresidenteibanez.cl\/web\/wp-json\/wp\/v2\/posts\/13290\/revisions"}],"wp:featuredmedia":[{"embeddable":true,"href":"https:\/\/www.radiopresidenteibanez.cl\/web\/wp-json\/wp\/v2\/media\/13291"}],"wp:attachment":[{"href":"https:\/\/www.radiopresidenteibanez.cl\/web\/wp-json\/wp\/v2\/media?parent=13290"}],"wp:term":[{"taxonomy":"category","embeddable":true,"href":"https:\/\/www.radiopresidenteibanez.cl\/web\/wp-json\/wp\/v2\/categories?post=13290"},{"taxonomy":"post_tag","embeddable":true,"href":"https:\/\/www.radiopresidenteibanez.cl\/web\/wp-json\/wp\/v2\/tags?post=13290"}],"curies":[{"name":"wp","href":"https:\/\/api.w.org\/{rel}","templated":true}]}}