{"id":13282,"date":"2020-07-10T12:57:12","date_gmt":"2020-07-10T12:57:12","guid":{"rendered":"https:\/\/www.radiopresidenteibanez.cl\/web\/?p=13282"},"modified":"2020-07-10T12:57:19","modified_gmt":"2020-07-10T12:57:19","slug":"hasta-1-2-millones-injuv-magallanes-premia-tu-tesis","status":"publish","type":"post","link":"https:\/\/www.radiopresidenteibanez.cl\/web\/hasta-1-2-millones-injuv-magallanes-premia-tu-tesis\/","title":{"rendered":"HASTA 1.2 MILLONES: INJUV MAGALLANES PREMIA TU TESIS"},"content":{"rendered":"\n<p>Nuevamente el Instituto Nacional de la Juventud (INJUV) abre las convocatorias para postular al Concurso Nacional de Tesis \u201cPiensa la Juventud\u201d 2020, iniciativa anual que convoca a estudiantes de pregrado de todo el pa\u00eds para que postulen sus tesis que aborden tem\u00e1ticas juveniles.<\/p>\n\n\n\n<p>Para la Directora Nacional (S) de INJUV, Mar\u00eda Asunci\u00f3n Cekalovic \u201ccon esta iniciativa buscamos promover el desarrollo de estudios de j\u00f3venes que profundicen acerca del panorama de las mismas juventudes en general. Desde estudios de g\u00e9nero, migraci\u00f3n, participaci\u00f3n social, voluntariado, emprendimiento, trabajo, etc. El campo es muy amplio as\u00ed que invitamos a todos y a todas quienes puedan participar a hacerlo\u201d.<\/p>\n\n\n\n<p>En Magallanes, la Seremi de Desarrollo Social y Familia, Liz Casanueva, se\u00f1al\u00f3 que \u201cesta es una tremenda oportunidad para que los j\u00f3venes puedan mostrar un trabajo tan sacrificado para cualquier universitario, como es la realizaci\u00f3n de una tesis o proyecto de t\u00edtulo. Muchas veces quedan olvidadas en nuestras casas o en las bibliotecas del lugar donde estudiamos, por eso valoramos este concurso que busca premiar el esfuerzo de tantos j\u00f3venes, que a trav\u00e9s de sus investigaciones, han sabido contribuir a sus pares\u201d.<\/p>\n\n\n\n<p><strong>\u00bfQui\u00e9nes pueden postular?<\/strong><\/p>\n\n\n\n<p>Toda persona chilena o extranjera que durante los a\u00f1os 2017, 2018 y 2019 haya desarrollado y aprobado una memoria, proyecto de titulaci\u00f3n, tesis o tesina de pregrado (carreras universitarias, t\u00e9cnicas o profesionales de ocho semestres o m\u00e1s) en el sistema de educaci\u00f3n superior chileno, debidamente acreditada por alguna instituci\u00f3n reconocida por el Ministerio de Educaci\u00f3n del pa\u00eds.<\/p>\n\n\n\n<p>Haber desarrollado su memoria, proyecto de titulaci\u00f3n, tesis o tesina exclusivamente en relaci\u00f3n a las tem\u00e1ticas que aporten al conocimiento de la realidad de las y los j\u00f3venes residentes en Chile de entre 15 y 29 a\u00f1os.<\/p>\n\n\n\n<p>Haber obtenido una calificaci\u00f3n igual o superior a 5,5 en la evaluaci\u00f3n final de su memoria, proyecto de titulaci\u00f3n, tesis o tesina.<\/p>\n\n\n\n<p><strong>\u00bfCu\u00e1les son los plazos?<\/strong><\/p>\n\n\n\n<p>Las postulaciones estar\u00e1n abiertas hasta el 31 de julio.<\/p>\n\n\n\n<p><strong>\u00bfCu\u00e1les son los premios?<\/strong><\/p>\n\n\n\n<p>1er lugar: $1.200.000 (un mill\u00f3n doscientos mil pesos chilenos)<\/p>\n\n\n\n<p>2do lugar: $900.000 (novecientos mil pesos chilenos)<\/p>\n\n\n\n<p>3er lugar: $600.000&nbsp;&nbsp;(seiscientos mil pesos chilenos)<\/p>\n\n\n\n<p><strong>\u00bfC\u00f3mo postular?<\/strong><\/p>\n\n\n\n<p>Las postulaciones se hacen a trav\u00e9s del siguiente link:&nbsp;<a href=\"https:\/\/extranet.injuv.gob.cl\/concurso_tesis\/\" target=\"_blank\" rel=\"noreferrer noopener\">https:\/\/extranet.injuv.gob.cl\/concurso_tesis\/<\/a>.<\/p>\n\n\n\n<p>Para mayor informaci\u00f3n te invitamos a revisar las bases en&nbsp;<a href=\"http:\/\/www.injuv.gob.cl\/noticias\/hasta-12-millones-de-premio-participa-en-el-concurso-nacional-de-tesis-2020\" target=\"_blank\" rel=\"noreferrer noopener\">http:\/\/www.injuv.gob.cl\/noticias\/hasta-12-millones-de-premio-participa-en-el-concurso-nacional-de-tesis-2020<\/a><\/p>\n","protected":false},"excerpt":{"rendered":"<p>Nuevamente el Instituto Nacional de la Juventud (INJUV) abre las convocatorias para postular al Concurso Nacional de Tesis \u201cPiensa la Juventud\u201d 2020, iniciativa anual que convoca a estudiantes de pregrado&#8230; <a class=\"read-more\" href=\"https:\/\/www.radiopresidenteibanez.cl\/web\/hasta-1-2-millones-injuv-magallanes-premia-tu-tesis\/\">Leer m\u00e1s<\/a><\/p>\n","protected":false},"author":2,"featured_media":13283,"comment_status":"closed","ping_status":"closed","sticky":false,"template":"","format":"standard","meta":{"footnotes":""},"categories":[1],"tags":[],"class_list":["post-13282","post","type-post","status-publish","format-standard","has-post-thumbnail","hentry","category-cronica"],"_links":{"self":[{"href":"https:\/\/www.radiopresidenteibanez.cl\/web\/wp-json\/wp\/v2\/posts\/13282","targetHints":{"allow":["GET"]}}],"collection":[{"href":"https:\/\/www.radiopresidenteibanez.cl\/web\/wp-json\/wp\/v2\/posts"}],"about":[{"href":"https:\/\/www.radiopresidenteibanez.cl\/web\/wp-json\/wp\/v2\/types\/post"}],"author":[{"embeddable":true,"href":"https:\/\/www.radiopresidenteibanez.cl\/web\/wp-json\/wp\/v2\/users\/2"}],"replies":[{"embeddable":true,"href":"https:\/\/www.radiopresidenteibanez.cl\/web\/wp-json\/wp\/v2\/comments?post=13282"}],"version-history":[{"count":0,"href":"https:\/\/www.radiopresidenteibanez.cl\/web\/wp-json\/wp\/v2\/posts\/13282\/revisions"}],"wp:featuredmedia":[{"embeddable":true,"href":"https:\/\/www.radiopresidenteibanez.cl\/web\/wp-json\/wp\/v2\/media\/13283"}],"wp:attachment":[{"href":"https:\/\/www.radiopresidenteibanez.cl\/web\/wp-json\/wp\/v2\/media?parent=13282"}],"wp:term":[{"taxonomy":"category","embeddable":true,"href":"https:\/\/www.radiopresidenteibanez.cl\/web\/wp-json\/wp\/v2\/categories?post=13282"},{"taxonomy":"post_tag","embeddable":true,"href":"https:\/\/www.radiopresidenteibanez.cl\/web\/wp-json\/wp\/v2\/tags?post=13282"}],"curies":[{"name":"wp","href":"https:\/\/api.w.org\/{rel}","templated":true}]}}