{"id":1328,"date":"2019-02-11T14:25:52","date_gmt":"2019-02-11T14:25:52","guid":{"rendered":"http:\/\/www.radiopresidenteibanez.cl\/web\/?p=1328"},"modified":"2019-02-11T14:26:25","modified_gmt":"2019-02-11T14:26:25","slug":"incendio-afecto-a-una-vivienda-de-dos-niveles-en-la-poblacion-el-pinguino","status":"publish","type":"post","link":"https:\/\/www.radiopresidenteibanez.cl\/web\/incendio-afecto-a-una-vivienda-de-dos-niveles-en-la-poblacion-el-pinguino\/","title":{"rendered":"INCENDIO AFECT\u00d3 A UNA VIVIENDA DE DOS NIVELES EN LA POBLACI\u00d3N EL PING\u00dcINO"},"content":{"rendered":"\n<p>Pasadas 03:30 horas, un incendio\nafect\u00f3 a una vivienda de dos niveles en calle Isla de Pascua al llegar a Pedro B\u00f3rquez,\nen la poblaci\u00f3n El Ping\u00fcino, en la oportunidad voluntarios de cuatro Compa\u00f1\u00edas\nde Bomberos debieron concurrir al llamado de emergencia para combatir el fuego.<\/p>\n\n\n\n<p>Debido a que a\u00fan se desconocen las causas del hecho, personal policial y profesional bomberil, se encuentran realizando las pericias correspondientes, por su parte la familia acusa que este fue intencionado, ya que, habr\u00edan lanzado botellas con bencina y fuego al interior de la vivienda, aludiendo a una bomba molotov.<\/p>\n\n\n\n<p>imagen redes sociales<\/p>\n","protected":false},"excerpt":{"rendered":"<p>Pasadas 03:30 horas, un incendio afect\u00f3 a una vivienda de dos niveles en calle Isla de Pascua al llegar a Pedro B\u00f3rquez, en la poblaci\u00f3n El Ping\u00fcino, en la oportunidad&#8230; <a class=\"read-more\" href=\"https:\/\/www.radiopresidenteibanez.cl\/web\/incendio-afecto-a-una-vivienda-de-dos-niveles-en-la-poblacion-el-pinguino\/\">Leer m\u00e1s<\/a><\/p>\n","protected":false},"author":2,"featured_media":1329,"comment_status":"closed","ping_status":"closed","sticky":false,"template":"","format":"standard","meta":{"footnotes":""},"categories":[1],"tags":[],"class_list":["post-1328","post","type-post","status-publish","format-standard","has-post-thumbnail","hentry","category-cronica"],"_links":{"self":[{"href":"https:\/\/www.radiopresidenteibanez.cl\/web\/wp-json\/wp\/v2\/posts\/1328","targetHints":{"allow":["GET"]}}],"collection":[{"href":"https:\/\/www.radiopresidenteibanez.cl\/web\/wp-json\/wp\/v2\/posts"}],"about":[{"href":"https:\/\/www.radiopresidenteibanez.cl\/web\/wp-json\/wp\/v2\/types\/post"}],"author":[{"embeddable":true,"href":"https:\/\/www.radiopresidenteibanez.cl\/web\/wp-json\/wp\/v2\/users\/2"}],"replies":[{"embeddable":true,"href":"https:\/\/www.radiopresidenteibanez.cl\/web\/wp-json\/wp\/v2\/comments?post=1328"}],"version-history":[{"count":0,"href":"https:\/\/www.radiopresidenteibanez.cl\/web\/wp-json\/wp\/v2\/posts\/1328\/revisions"}],"wp:featuredmedia":[{"embeddable":true,"href":"https:\/\/www.radiopresidenteibanez.cl\/web\/wp-json\/wp\/v2\/media\/1329"}],"wp:attachment":[{"href":"https:\/\/www.radiopresidenteibanez.cl\/web\/wp-json\/wp\/v2\/media?parent=1328"}],"wp:term":[{"taxonomy":"category","embeddable":true,"href":"https:\/\/www.radiopresidenteibanez.cl\/web\/wp-json\/wp\/v2\/categories?post=1328"},{"taxonomy":"post_tag","embeddable":true,"href":"https:\/\/www.radiopresidenteibanez.cl\/web\/wp-json\/wp\/v2\/tags?post=1328"}],"curies":[{"name":"wp","href":"https:\/\/api.w.org\/{rel}","templated":true}]}}