{"id":13279,"date":"2020-07-10T12:55:43","date_gmt":"2020-07-10T12:55:43","guid":{"rendered":"https:\/\/www.radiopresidenteibanez.cl\/web\/?p=13279"},"modified":"2020-07-10T12:55:47","modified_gmt":"2020-07-10T12:55:47","slug":"diputado-bianchi-solicita-sancionar-a-las-afp-que-han-enviado-correos-electronicos-a-sus-afiliados-por-votacion-de-proyecto-de-retiro-de-fondos","status":"publish","type":"post","link":"https:\/\/www.radiopresidenteibanez.cl\/web\/diputado-bianchi-solicita-sancionar-a-las-afp-que-han-enviado-correos-electronicos-a-sus-afiliados-por-votacion-de-proyecto-de-retiro-de-fondos\/","title":{"rendered":"DIPUTADO BIANCHI SOLICITA SANCIONAR A LAS AFP QUE HAN ENVIADO CORREOS ELECTR\u00d3NICOS A SUS AFILIADOS POR VOTACI\u00d3N DE PROYECTO DE RETIRO DE FONDOS"},"content":{"rendered":"\n<p>Luego de que la C\u00e1mara de\nDiputados aprobara en general el proyecto del diputado Bianchi que permite el\nretiro del 10% de los fondos previsionales, cientos de afiliados recibieron\ncorreos electr\u00f3nicos de sus AFP donde se asegura que esta iniciativa\ndisminuir\u00eda sus futuras pensiones.<\/p>\n\n\n\n<p>Frente a esto, el diputado magall\u00e1nico\nofici\u00f3 al superintendente de Pensiones para que se inicie un proceso\nadministrativo sancionador en contra de todas las AFP que han utilizado los\ndatos personales de sus afiliados por \u201cinterferir en el trabajo del Congreso\nNacional\u201d.<\/p>\n\n\n\n<p>El documento se\u00f1ala que \u201cen un\nintento descarado y sin verg\u00fcenza, las administradoras AFP Habitat, AFP Capital,\nAFP Plan Vital, al menos, han enviado sendos correos electr\u00f3nicos utilizando\ninformaci\u00f3n de car\u00e1cter personal, a sus afiliados con el objetivo de influir en\nla opini\u00f3n p\u00fablica causando incertidumbre y alarma\u201d.<\/p>\n\n\n\n<p>El diputado independiente\ncalifica esta acci\u00f3n como una \u201cconducta imprudente y de un claro matiz\nproselitista, inaceptable para instituciones de car\u00e1cter t\u00e9cnico\u201d.<\/p>\n\n\n\n<p>La carta recibida por el\npropio diputado y enviada por AFP Habitat, indica que la aprobaci\u00f3n del\nproyecto \u201csolo puede ser considerada como un error hist\u00f3rico ya que dejar\u00e1 en\nuna situaci\u00f3n de preocupante vulnerabilidad previsional a un porcentaje\nrelevante de la poblaci\u00f3n\u201d.<\/p>\n\n\n\n<p>Adem\u00e1s, se\u00f1ala que la votaci\u00f3n\nque se realiz\u00f3 en la C\u00e1mara fue \u201cideol\u00f3gica y populista que no considera el\nimpacto en las personas que los impulsores de este proyecto dicen ayudar\u201d.<\/p>\n\n\n\n<p>\u201cNos parece que esta actitud\ndesesperada es aberrante y no lo vamos a aceptar. Si tenemos que llegar a\ninstancias legales, lo vamos a hacer porque sabemos que miles de personas hoy\nlo est\u00e1n pasando mal y tienen que recurrir a su 10% porque la ayuda del\nGobierno ha sido publicidad enga\u00f1osa\u201d, expres\u00f3 el parlamentario.<\/p>\n","protected":false},"excerpt":{"rendered":"<p>Luego de que la C\u00e1mara de Diputados aprobara en general el proyecto del diputado Bianchi que permite el retiro del 10% de los fondos previsionales, cientos de afiliados recibieron correos&#8230; <a class=\"read-more\" href=\"https:\/\/www.radiopresidenteibanez.cl\/web\/diputado-bianchi-solicita-sancionar-a-las-afp-que-han-enviado-correos-electronicos-a-sus-afiliados-por-votacion-de-proyecto-de-retiro-de-fondos\/\">Leer m\u00e1s<\/a><\/p>\n","protected":false},"author":2,"featured_media":13280,"comment_status":"closed","ping_status":"closed","sticky":false,"template":"","format":"standard","meta":{"footnotes":""},"categories":[1],"tags":[],"class_list":["post-13279","post","type-post","status-publish","format-standard","has-post-thumbnail","hentry","category-cronica"],"_links":{"self":[{"href":"https:\/\/www.radiopresidenteibanez.cl\/web\/wp-json\/wp\/v2\/posts\/13279","targetHints":{"allow":["GET"]}}],"collection":[{"href":"https:\/\/www.radiopresidenteibanez.cl\/web\/wp-json\/wp\/v2\/posts"}],"about":[{"href":"https:\/\/www.radiopresidenteibanez.cl\/web\/wp-json\/wp\/v2\/types\/post"}],"author":[{"embeddable":true,"href":"https:\/\/www.radiopresidenteibanez.cl\/web\/wp-json\/wp\/v2\/users\/2"}],"replies":[{"embeddable":true,"href":"https:\/\/www.radiopresidenteibanez.cl\/web\/wp-json\/wp\/v2\/comments?post=13279"}],"version-history":[{"count":0,"href":"https:\/\/www.radiopresidenteibanez.cl\/web\/wp-json\/wp\/v2\/posts\/13279\/revisions"}],"wp:featuredmedia":[{"embeddable":true,"href":"https:\/\/www.radiopresidenteibanez.cl\/web\/wp-json\/wp\/v2\/media\/13280"}],"wp:attachment":[{"href":"https:\/\/www.radiopresidenteibanez.cl\/web\/wp-json\/wp\/v2\/media?parent=13279"}],"wp:term":[{"taxonomy":"category","embeddable":true,"href":"https:\/\/www.radiopresidenteibanez.cl\/web\/wp-json\/wp\/v2\/categories?post=13279"},{"taxonomy":"post_tag","embeddable":true,"href":"https:\/\/www.radiopresidenteibanez.cl\/web\/wp-json\/wp\/v2\/tags?post=13279"}],"curies":[{"name":"wp","href":"https:\/\/api.w.org\/{rel}","templated":true}]}}