{"id":13262,"date":"2020-07-09T13:06:06","date_gmt":"2020-07-09T13:06:06","guid":{"rendered":"https:\/\/www.radiopresidenteibanez.cl\/web\/?p=13262"},"modified":"2020-07-09T13:06:11","modified_gmt":"2020-07-09T13:06:11","slug":"pro-verde-cuestiona-informe-que-catapulta-el-destino-de-arboles-centenarios-en-punta-arenas","status":"publish","type":"post","link":"https:\/\/www.radiopresidenteibanez.cl\/web\/pro-verde-cuestiona-informe-que-catapulta-el-destino-de-arboles-centenarios-en-punta-arenas\/","title":{"rendered":"PRO-VERDE CUESTIONA INFORME QUE CATAPULTA EL DESTINO DE \u00c1RBOLES CENTENARIOS EN PUNTA ARENAS"},"content":{"rendered":"\n<p>El mi\u00e9rcoles 08 de julio, la concejala Ver\u00f3nica Aguilar, presidenta de la comisi\u00f3n Medio Ambiente del Concejo Municipal, reiter\u00f3 la petici\u00f3n al alcalde de Punta Arenas, Claudio Radonich, de aplazar el inicio de la tala de \u00e1rboles centenarios, a fin de cumplir el compromiso establecido con el Movimiento Pro-Verde y otras organizaciones civiles, interesadas en entregar propuestas alternativas a esta decisi\u00f3n.<\/p>\n\n\n\n<p>Entre sus fundamentos esgrimi\u00f3 la existencia de dos visiones provenientes de ingenieros forestales de Magallanes, que cuestionan el estudio pagado por el municipio de Punta Arenas y que en varias oportunidades se ha catalogado como costoso por el propio alcalde Radonich. En tanto inform\u00f3, que este 09 de julio, la comisi\u00f3n de Medio Ambiente se reunir\u00e1 con dichos expertos para conocer su an\u00e1lisis del Diagn\u00f3stico de 60 \u00e1rboles longevos de Punta Arenas.<\/p>\n\n\n\n<p>En su exposici\u00f3n, la concejala Aguilar indic\u00f3: \u201cQuiero que entienda, alcalde, que esto no tiene que ver con una situaci\u00f3n de este municipio o de esta gesti\u00f3n, lo que hoy d\u00eda estamos viendo con los cipreses de la plaza y otros tantos \u00e1rboles tiene que ver con la mala gesti\u00f3n del municipio de manera hist\u00f3rica. Aqu\u00ed nunca hubo un trabajo con respecto a la recuperaci\u00f3n de los espacios arb\u00f3reos de nuestra comuna. Nunca hubo un plan de manejo que nos permita evitar este tipo de situaciones\u201d.<\/p>\n\n\n\n<p>Por su parte, el concejal Mauricio Bahamondes, indic\u00f3: \u201cYo he escuchado tambi\u00e9n el tema de los otros ingenieros forestales, que no es que necesariamente pongan en duda los alcances del estudio que se hizo, ni la certeza t\u00e9cnica de lo que se hizo cuando se escanearon los \u00e1rboles, pero tambi\u00e9n se\u00f1alan que no es el \u00fanico factor, que no es el \u00fanico elemento para medir la peligrosidad del \u00e1rbol en s\u00ed mismo\u201d.<\/p>\n\n\n\n<p>El concejal Alejandro Soler se\u00f1al\u00f3: \u201cEste informe fue hecho el 2018 y habla de que se requiere un corte inmediato. Han pasado dos a\u00f1os y parece que el corte inmediato que se\u00f1alaba el informe no era tan urgente porque si no algo hubiera acontecido mediante los dos a\u00f1os. Yo lo que solicito o lo que propongo es solicitar un informe o un estudio que diga c\u00f3mo se puede solucionar este problema si no sea un corte. Puede ser que la soluci\u00f3n sea el corte, pero que haya un estudio que tenga una visi\u00f3n m\u00e1s pro protecci\u00f3n del \u00e1rbol y, si hay que cortar, que el corte sea con el objeto de que quede alg\u00fan patrimonio cultural, producto de la madera que se va a retirar\u201d.<\/p>\n\n\n\n<p>El concejal Sergio Aguilante comparti\u00f3 la visi\u00f3n de aplazar el inicio de tala de los \u00e1rboles para poder analizar el informe que va a presentar la comisi\u00f3n de Medio Ambiente y se\u00f1al\u00f3 que le llamaba la atenci\u00f3n que hubo un espacio de dos a\u00f1os en que se evacu\u00f3 el informe y que se podr\u00eda haber conformado una comisi\u00f3n de trabajo. En tanto la concejala Daniela Panicucci hizo un llamado de atenci\u00f3n indicando: \u201cSi quer\u00edamos pasar a la historia con esto, vamos a pasar a la historia como el concejo municipal que tala tres \u00e1rboles centenarios\u201d, enfocando la importancia patrimonial de los \u00e1rboles de la plaza Benjam\u00edn Mu\u00f1oz Gamero.<\/p>\n\n\n\n<p>Finalmente, el concejal Arturo D\u00edaz, indic\u00f3 que en el estudio pagado por el municipio no se consider\u00f3 elementos adicionales al an\u00e1lisis tomogr\u00e1fico de los \u00e1rboles, en tanto se\u00f1al\u00f3: \u201cAc\u00e1 lo que se pide no es tala o no tala, sino simplemente complementar el estudio existente y en base a todos los antecedentes puestos sobre la mesa, sacar una conclusi\u00f3n\u201d.<\/p>\n\n\n\n<p>Al respecto, Otto Gesell, miembro del Movimiento Pro-Verde enfatiz\u00f3: \u201cContamos con la visi\u00f3n de 3 ingenieros forestales, Juan Ruiz, Andr\u00e9s Vilaboa y Jorge Salinas quienes nos entregaron sus apreciaciones respecto al estudio realizado en 2018. Ellos concuerdan en que el informe no contempla otras variables como complemento, ya sea la homogeneidad y coloraci\u00f3n del follaje, presencia de ramas muertas, altura del \u00e1rbol y la relaci\u00f3n di\u00e1metro altura pecho. Tambi\u00e9n se\u00f1alan que si bien el informe plantea la tala urgente de algunos ejemplares, estos ya han soportado 2 temporadas de vientos, lo que pone en duda su validez absoluta. Como movimiento Pro Verde estamos preocupados de que algunos \u00e1rboles puedan ser sacrificados sin considerar diferentes visiones y alternativas de otros expertos. Esperamos que este sea el inicio de un plan que considere el rescate y estudio de muchos otros \u00e1rboles de la ciudad\u201d.<\/p>\n","protected":false},"excerpt":{"rendered":"<p>El mi\u00e9rcoles 08 de julio, la concejala Ver\u00f3nica Aguilar, presidenta de la comisi\u00f3n Medio Ambiente del Concejo Municipal, reiter\u00f3 la petici\u00f3n al alcalde de Punta Arenas, Claudio Radonich, de aplazar&#8230; <a class=\"read-more\" href=\"https:\/\/www.radiopresidenteibanez.cl\/web\/pro-verde-cuestiona-informe-que-catapulta-el-destino-de-arboles-centenarios-en-punta-arenas\/\">Leer m\u00e1s<\/a><\/p>\n","protected":false},"author":2,"featured_media":13169,"comment_status":"closed","ping_status":"closed","sticky":false,"template":"","format":"standard","meta":{"footnotes":""},"categories":[1],"tags":[],"class_list":["post-13262","post","type-post","status-publish","format-standard","has-post-thumbnail","hentry","category-cronica"],"_links":{"self":[{"href":"https:\/\/www.radiopresidenteibanez.cl\/web\/wp-json\/wp\/v2\/posts\/13262","targetHints":{"allow":["GET"]}}],"collection":[{"href":"https:\/\/www.radiopresidenteibanez.cl\/web\/wp-json\/wp\/v2\/posts"}],"about":[{"href":"https:\/\/www.radiopresidenteibanez.cl\/web\/wp-json\/wp\/v2\/types\/post"}],"author":[{"embeddable":true,"href":"https:\/\/www.radiopresidenteibanez.cl\/web\/wp-json\/wp\/v2\/users\/2"}],"replies":[{"embeddable":true,"href":"https:\/\/www.radiopresidenteibanez.cl\/web\/wp-json\/wp\/v2\/comments?post=13262"}],"version-history":[{"count":0,"href":"https:\/\/www.radiopresidenteibanez.cl\/web\/wp-json\/wp\/v2\/posts\/13262\/revisions"}],"wp:featuredmedia":[{"embeddable":true,"href":"https:\/\/www.radiopresidenteibanez.cl\/web\/wp-json\/wp\/v2\/media\/13169"}],"wp:attachment":[{"href":"https:\/\/www.radiopresidenteibanez.cl\/web\/wp-json\/wp\/v2\/media?parent=13262"}],"wp:term":[{"taxonomy":"category","embeddable":true,"href":"https:\/\/www.radiopresidenteibanez.cl\/web\/wp-json\/wp\/v2\/categories?post=13262"},{"taxonomy":"post_tag","embeddable":true,"href":"https:\/\/www.radiopresidenteibanez.cl\/web\/wp-json\/wp\/v2\/tags?post=13262"}],"curies":[{"name":"wp","href":"https:\/\/api.w.org\/{rel}","templated":true}]}}