{"id":13259,"date":"2020-07-09T13:03:43","date_gmt":"2020-07-09T13:03:43","guid":{"rendered":"https:\/\/www.radiopresidenteibanez.cl\/web\/?p=13259"},"modified":"2020-07-09T13:04:11","modified_gmt":"2020-07-09T13:04:11","slug":"anef-magallanes-y-anfummeg-exigen-la-renuncia-de-la-seremi-de-la-mujer-y-equidad-de-genero-patricia-mackenney","status":"publish","type":"post","link":"https:\/\/www.radiopresidenteibanez.cl\/web\/anef-magallanes-y-anfummeg-exigen-la-renuncia-de-la-seremi-de-la-mujer-y-equidad-de-genero-patricia-mackenney\/","title":{"rendered":"ANEF MAGALLANES Y ANFUMMEG EXIGEN LA RENUNCIA DE LA SEREMI DE LA MUJER Y EQUIDAD DE G\u00c9NERO PATRICIA MACKENNEY"},"content":{"rendered":"\n<p>El pasado lunes se llev\u00f3 a cabo una\naudiencia por la demanda interpuesta por funcionarios y funcionarias de la\nsecretar\u00eda regional ministerial de la Mujer y Equidad de G\u00e9nero,&nbsp; cuya tutela laboral por vulneraci\u00f3n de\nderechos fundamentales contra la actual secretaria regional de la cartera en\nMagallanes, Patricia Mackenney Schmauk, fue ingresada a tribunales el 11 de\nseptiembre de 2019.<\/p>\n\n\n\n<p>En la oportunidad, la presidenta\nregional de la Asociaci\u00f3n Nacional de Empleados Fiscales (ANEF), Doris\nSandoval, fue citada a declarar como testigo. Tras la audiencia, asociaciones\nsociales y gremiales&nbsp; de Mujeres, ANEF y la\nAsociaci\u00f3n de Funcionari@s del Ministerio de la Mujer y la Equidad de G\u00e9nero (Anfummeg)\nparticiparon de un punto de prensa realizado a trav\u00e9s de Facebook Live en el\nque exigieron la renuncia inmediata de la seremi Mackenney.<\/p>\n\n\n\n<p>\u201cResulta particularmente grave y\nrepudiable, que desde la propia institucionalidad p\u00fablica, responsable de\nprevenir y eliminar la violencia de g\u00e9nero, provenga el maltrato y m\u00e1s a\u00fan se\nproteja \u2013por acci\u00f3n u omisi\u00f3n- a quienes ejercen acoso laboral\u201d, declar\u00f3 la\npresidenta regional de ANEF.<\/p>\n\n\n\n<p>Y a\u00f1adi\u00f3, \u201ccreemos en un Estado\nfuerte, que sea capaz de garantizar derechos de las personas y tambi\u00e9n\nconstituirse en un referente de respeto irrestricto de estos derechos. Trabajamos\ncolectivamente, d\u00eda a d\u00eda en la construcci\u00f3n de un mundo del trabajo libre de\nviolencia y acoso; y para que la pol\u00edtica p\u00fablica sea coherente y espejo de\ndicha aspiraci\u00f3n\u201d.<\/p>\n\n\n\n<p>Por su parte, Vesna Madariaga,\ndirectora nacional de Anfummeg, junto con enviar un especial saludo a las y los\nfuncionarios\/as de la secretar\u00eda y el servicio de la Mujer y Equidad de G\u00e9nero\nde la regi\u00f3n, \u201cquienes han pasado durante m\u00e1s de un a\u00f1o por situaciones tremendamente\nlamentables que les han afectado en su salud mental y f\u00edsica\u201d.<\/p>\n\n\n\n<p>\u201cEs muy triste y lamentable que\nen este contexto que estamos viviendo en medio de esta crisis social y\nsanitaria, de hambre para muchas personas, de agudizaci\u00f3n de la violencia\nmachista y patriarcal para muchas mujeres, la labor de nuestra instituci\u00f3n, que\ndeber\u00eda estar avocada completamente a garantizar condiciones de vida dignas para\nque las mujeres que viven en Chile, una vez m\u00e1s nos encontramos haciendo\ndeclaraciones para defendernos como sindicalistas de nuestro propios y propias\njefes y jefas y las \u201cautoridades\u201d del gobierno de turno. Algo que no vamos a tolerar\ny mucho menos a acostumbrar, es que en nuestra instituci\u00f3n exista la violencia\nlaboral, que en la regi\u00f3n de Magallanes se hace tremendamente dram\u00e1tica ya que\nha afectado a un equipo completo, por un liderazgo autocr\u00e1tico y maltratador de\nparte de la autoridad regional.\u201d Enfatiz\u00f3 Madariaga.<\/p>\n\n\n\n<p>\u201cHasta el d\u00eda de hoy no hemos\nobtenido respuesta de ninguna de las autoridades que han pasado por este\nministerio durante esta administraci\u00f3n de gobierno. Estas autoridades han\npermitido la permanencia impune de jefaturas violentas y discriminadoras, pese\na que pregonan contra la violencia de g\u00e9nero\u201d, declar\u00f3 la presidenta de\nAnfummeg.<\/p>\n\n\n\n<p>La vicepresidenta de la Mujer de\nla ANEF, Marcia Lara, exigi\u00f3 una respuesta inmediata de las autoridades ya que\nel caso de Magallanes ha sido expuesto al gobierno desde el a\u00f1o pasado. <\/p>\n\n\n\n<p>\u201cTodos desde que esto comenz\u00f3\nexigimos la salida de la se\u00f1ora Patricia Mackenney y no han respondido. Pero no\nvamos a seguir aceptando este maltrato y vamos a ser cada vez m\u00e1s\nen\u00e9rgicas&nbsp; en exigir la salida de la secretaria\nregional porque no nos representa y abusa de su equipo de trabajo. Adem\u00e1s, no\npuede ser que un sumario laboral lleve m\u00e1s de un a\u00f1o sin ser resuelto\u201d,\nexpres\u00f3.<\/p>\n\n\n\n<p>Finalmente, la presidenta\nregional de ANEF se\u00f1al\u00f3, \u201cdesde Magallanes decimos fuerte y claro: que Chile\nratifique el convenio 190 sobre maltrato en el mundo de trabajo; que renuncie\nla secretaria ministerial de la Mujer y Equidad de G\u00e9nero. En Magallanes \u00a1NO\nTENEMOS SEREMI! (sec. Reg. Ministerial)\u201d, enfatiz\u00f3, Sandoval.<\/p>\n\n\n\n<p>Al finalizar el punto de prensa\nlas participantes de las organizaciones sindicales y sociales de la Mujer y junto\na las representantes e integrantes de &nbsp;Anfummeg y ANEF, &nbsp;levantaron sus carteles de protesta con el <em>hastag<\/em> #FueraMackenney #NoTenemosSeremi\ny #NoTenemosMinistra, en se\u00f1al de protesta y exigiendo la renuncia inmediata de\nla actual autoridad de la secretar\u00eda Regional Ministerial de la Mujer y Equidad\nde G\u00e9nero de Magallanes.<\/p>\n","protected":false},"excerpt":{"rendered":"<p>El pasado lunes se llev\u00f3 a cabo una audiencia por la demanda interpuesta por funcionarios y funcionarias de la secretar\u00eda regional ministerial de la Mujer y Equidad de G\u00e9nero,&nbsp; cuya&#8230; <a class=\"read-more\" href=\"https:\/\/www.radiopresidenteibanez.cl\/web\/anef-magallanes-y-anfummeg-exigen-la-renuncia-de-la-seremi-de-la-mujer-y-equidad-de-genero-patricia-mackenney\/\">Leer m\u00e1s<\/a><\/p>\n","protected":false},"author":2,"featured_media":13260,"comment_status":"closed","ping_status":"closed","sticky":false,"template":"","format":"standard","meta":{"footnotes":""},"categories":[1],"tags":[],"class_list":["post-13259","post","type-post","status-publish","format-standard","has-post-thumbnail","hentry","category-cronica"],"_links":{"self":[{"href":"https:\/\/www.radiopresidenteibanez.cl\/web\/wp-json\/wp\/v2\/posts\/13259","targetHints":{"allow":["GET"]}}],"collection":[{"href":"https:\/\/www.radiopresidenteibanez.cl\/web\/wp-json\/wp\/v2\/posts"}],"about":[{"href":"https:\/\/www.radiopresidenteibanez.cl\/web\/wp-json\/wp\/v2\/types\/post"}],"author":[{"embeddable":true,"href":"https:\/\/www.radiopresidenteibanez.cl\/web\/wp-json\/wp\/v2\/users\/2"}],"replies":[{"embeddable":true,"href":"https:\/\/www.radiopresidenteibanez.cl\/web\/wp-json\/wp\/v2\/comments?post=13259"}],"version-history":[{"count":0,"href":"https:\/\/www.radiopresidenteibanez.cl\/web\/wp-json\/wp\/v2\/posts\/13259\/revisions"}],"wp:featuredmedia":[{"embeddable":true,"href":"https:\/\/www.radiopresidenteibanez.cl\/web\/wp-json\/wp\/v2\/media\/13260"}],"wp:attachment":[{"href":"https:\/\/www.radiopresidenteibanez.cl\/web\/wp-json\/wp\/v2\/media?parent=13259"}],"wp:term":[{"taxonomy":"category","embeddable":true,"href":"https:\/\/www.radiopresidenteibanez.cl\/web\/wp-json\/wp\/v2\/categories?post=13259"},{"taxonomy":"post_tag","embeddable":true,"href":"https:\/\/www.radiopresidenteibanez.cl\/web\/wp-json\/wp\/v2\/tags?post=13259"}],"curies":[{"name":"wp","href":"https:\/\/api.w.org\/{rel}","templated":true}]}}