{"id":13257,"date":"2020-07-09T13:01:25","date_gmt":"2020-07-09T13:01:25","guid":{"rendered":"https:\/\/www.radiopresidenteibanez.cl\/web\/?p=13257"},"modified":"2020-07-09T13:01:44","modified_gmt":"2020-07-09T13:01:44","slug":"trabajo-inicia-campana-para-prevenir-accidentes-de-trayecto","status":"publish","type":"post","link":"https:\/\/www.radiopresidenteibanez.cl\/web\/trabajo-inicia-campana-para-prevenir-accidentes-de-trayecto\/","title":{"rendered":"TRABAJO INICIA CAMPA\u00d1A PARA PREVENIR ACCIDENTES DE TRAYECTO"},"content":{"rendered":"\n<p>Ante las condiciones clim\u00e1ticas que\nafectan a los magall\u00e1nicos en cada temporada invernal, la Seremi del Trabajo,\njunto al Instituto de Seguridad Laboral (ISL) Magallanes, lanzaron una vez m\u00e1s\nla campa\u00f1a para llamar a los trabajadores al autocuidado y a evitar los\naccidentes de trayecto que se producen cada a\u00f1o en esta \u00e9poca.<\/p>\n\n\n\n<p>Seg\u00fan indic\u00f3 la secretaria regional\ndel Trabajo, Victoria Cort\u00e9s Schiattino, \u201cen Magallanes, de acuerdo a los datos\nentregados por la Superintendencia de Seguridad Social (Suseso), cada a\u00f1o\ntenemos en promedio m\u00e1s de 500 accidentes de trayecto, los cuales se concentran\nmayoritariamente en esta \u00e9poca del a\u00f1o. Por eso, junto al ISL Magallanes,\nestamos haciendo un llamado al autocuidado, entregando diferentes medidas de\nprevenci\u00f3n\u201d.<\/p>\n\n\n\n<p>Al respecto, la autoridad se\u00f1al\u00f3 que,\nseg\u00fan las estad\u00edsticas entregadas por la Suseso, durante el a\u00f1o 2019 las\nadministradoras privadas de la ley reportaron un total de 378 accidentes de\ntrayecto, que sumado a los 48 registrados por el ISL, dan un total de 426\naccidentes de este tipo en la regi\u00f3n.<\/p>\n\n\n\n<p>\u201cEsto significa una disminuci\u00f3n de\naccidentes con respecto a lo registrado por las mutualidades durante el a\u00f1o\n2018 -cuando se registraron cerca de 500 accidentes- lo que significa que las\ncampa\u00f1as que hemos realizado junto al ISL han funcionado. No obstante, a pesar\nque, producto de la pandemia, la movilidad de las personas se ha reducido, es\nimportante y necesario hacer el llamado al autocuidado\u201d, agreg\u00f3 Cort\u00e9s.<\/p>\n\n\n\n<p>Al respecto, el director regional del\nISL Magallanes, Marcelo Trivi\u00f1o \u00c1lvarez, coment\u00f3 que \u201cel a\u00f1o pasado en la\nregi\u00f3n, tuvimos 48 accidentes de trayecto de trabajadores que cotizan en\nnuestra instituci\u00f3n, los cuales tuvieron una cobertura total de prestaciones\nm\u00e9dicas y econ\u00f3micas. Sin embargo, queremos evitar que esto suceda. Todos los\naccidentes de este tipo son evitables si se cumplen las condiciones correctas\nde manejo defensivo, por lo que el llamado es a cuidarse y cuidar quienes\ninteract\u00faan con nosotros en las diversas rutas de la regi\u00f3n\u201d.<\/p>\n\n\n\n<p>En este sentido, la instituci\u00f3n se\u00f1ala\nque la primera regla de seguridad es el autocuidado, por lo que siempre hay que\npreguntarse si el desplazamiento en veh\u00edculo es indispensable. Si el traslado\nes necesario, al conducir con lluvia, hielo o nieve, es importante conocer los\npeligros que se presentan y adoptar las medidas necesarias.<\/p>\n\n\n\n<p>Entre los consejos b\u00e1sicos para tener\nun traslado seguro hacia su lugar de trabajo en condiciones clim\u00e1ticas adversas\nest\u00e1n: prestar m\u00e1s atenci\u00f3n de lo habitual a la ruta y al veh\u00edculo; revisar\nadecuadamente las llantas, limpiaparabrisas, frenos y luces antes de partir;\ndisminuir la velocidad ante las primeras se\u00f1ales de clima adverso en el camino.<\/p>\n\n\n\n<p><strong>Otras\nrecomendaciones: Lluvia, nieve o escarcha<\/strong><\/p>\n\n\n\n<p>En primer lugar, la lluvia puede influir\nnegativamente en la conducci\u00f3n, dado que moja las calzadas y las cubre de una\ncapa de agua que las hace peligrosamente deslizantes.<\/p>\n\n\n\n<p>Cuando caen las primeras gotas de\nlluvia, hay que tener mayor precauci\u00f3n, porque al mezclarse el agua con el\npolvo o el aceite que se encuentra en el asfalto, la calzada se torna muy\nresbaladiza, lo que representa un serio peligro para la seguridad de la\ncirculaci\u00f3n.<\/p>\n\n\n\n<p>En estas circunstancias, los\nneum\u00e1ticos desgastados son incompatibles con una conducci\u00f3n segura, ya que al\nno tener surcos suficientemente profundos no se \u201cagarran\u201d bien y el veh\u00edculo\npuede patinar y derrapar. Adem\u00e1s, se reduce la visibilidad.<\/p>\n\n\n\n<p>En segundo t\u00e9rmino, al conducir con\nnieve se reduce la adherencia de los neum\u00e1ticos, disminuye el roce y, por\ntanto, hay peligro de deslizamiento. Tambi\u00e9n se reduce la visibilidad. <\/p>\n\n\n\n<p>Cuando la nieve se congela o lleva\ntiempo en la calzada y se ha endurecido y apretado, sus efectos son similares a\nlos del hielo.<\/p>\n\n\n\n<p>Cuando caen los primeros copos de\nnieve, la conducci\u00f3n es tan peligrosa como cuando caen las primeras gotas de\nagua, porque, al mezclarse la nieve con el polvo, el aceite y otros restos, y\nser pisada por los veh\u00edculos, se forma un barrillo que transforma el pavimento\nen una pista sumamente deslizante.<\/p>\n\n\n\n<p>Por \u00faltimo, en relaci\u00f3n con la\nescarcha, recordar que es muy peligrosa, porque hace que la calzada se torne\nsumamente resbaladiza y la convierte en una verdadera \u201cpista de patinaje\u201d donde\nla prudencia, la pericia y los reflejos del conductor se ponen a prueba, por lo\nque deber\u00e1 extremar las precauciones. <\/p>\n\n\n\n<p>Hay que poner mucha atenci\u00f3n cuando se\nanuncie posibles condiciones para escarcha, especialmente al transitar por\nlugares donde no llega la luz del sol en la calzada, porque seguro que ah\u00ed\nencontrar\u00e1s \u201cescarcha negra\u201d o \u201cHielo Negro\u201d que no ver\u00e1s a simple vista, pero\nah\u00ed estar\u00e1. <\/p>\n","protected":false},"excerpt":{"rendered":"<p>Ante las condiciones clim\u00e1ticas que afectan a los magall\u00e1nicos en cada temporada invernal, la Seremi del Trabajo, junto al Instituto de Seguridad Laboral (ISL) Magallanes, lanzaron una vez m\u00e1s la&#8230; <a class=\"read-more\" href=\"https:\/\/www.radiopresidenteibanez.cl\/web\/trabajo-inicia-campana-para-prevenir-accidentes-de-trayecto\/\">Leer m\u00e1s<\/a><\/p>\n","protected":false},"author":2,"featured_media":11286,"comment_status":"closed","ping_status":"closed","sticky":false,"template":"","format":"standard","meta":{"footnotes":""},"categories":[1],"tags":[],"class_list":["post-13257","post","type-post","status-publish","format-standard","has-post-thumbnail","hentry","category-cronica"],"_links":{"self":[{"href":"https:\/\/www.radiopresidenteibanez.cl\/web\/wp-json\/wp\/v2\/posts\/13257","targetHints":{"allow":["GET"]}}],"collection":[{"href":"https:\/\/www.radiopresidenteibanez.cl\/web\/wp-json\/wp\/v2\/posts"}],"about":[{"href":"https:\/\/www.radiopresidenteibanez.cl\/web\/wp-json\/wp\/v2\/types\/post"}],"author":[{"embeddable":true,"href":"https:\/\/www.radiopresidenteibanez.cl\/web\/wp-json\/wp\/v2\/users\/2"}],"replies":[{"embeddable":true,"href":"https:\/\/www.radiopresidenteibanez.cl\/web\/wp-json\/wp\/v2\/comments?post=13257"}],"version-history":[{"count":0,"href":"https:\/\/www.radiopresidenteibanez.cl\/web\/wp-json\/wp\/v2\/posts\/13257\/revisions"}],"wp:featuredmedia":[{"embeddable":true,"href":"https:\/\/www.radiopresidenteibanez.cl\/web\/wp-json\/wp\/v2\/media\/11286"}],"wp:attachment":[{"href":"https:\/\/www.radiopresidenteibanez.cl\/web\/wp-json\/wp\/v2\/media?parent=13257"}],"wp:term":[{"taxonomy":"category","embeddable":true,"href":"https:\/\/www.radiopresidenteibanez.cl\/web\/wp-json\/wp\/v2\/categories?post=13257"},{"taxonomy":"post_tag","embeddable":true,"href":"https:\/\/www.radiopresidenteibanez.cl\/web\/wp-json\/wp\/v2\/tags?post=13257"}],"curies":[{"name":"wp","href":"https:\/\/api.w.org\/{rel}","templated":true}]}}