{"id":1325,"date":"2019-02-11T14:17:49","date_gmt":"2019-02-11T14:17:49","guid":{"rendered":"http:\/\/www.radiopresidenteibanez.cl\/web\/?p=1325"},"modified":"2019-02-11T14:17:52","modified_gmt":"2019-02-11T14:17:52","slug":"mas-de-1500-personas-llegaron-hasta-la-feria-saludable-municipal","status":"publish","type":"post","link":"https:\/\/www.radiopresidenteibanez.cl\/web\/mas-de-1500-personas-llegaron-hasta-la-feria-saludable-municipal\/","title":{"rendered":"M\u00c1S DE 1500 PERSONAS LLEGARON HASTA LA FERIA SALUDABLE MUNICIPAL"},"content":{"rendered":"\n<p>Como ya es tradici\u00f3n, el pasado s\u00e1bado 9 de febrero, se realiz\u00f3 una nueva Feria de Frutas, Verduras y Plantas Regionales, esta vez en la Escuela Argentina de nuestra ciudad.<\/p>\n\n\n\n<p>A partir de las 10 de la ma\u00f1ana, cientos de puntarenenses comenzaron a llegar hasta la calle Manuel Aguilar, para obtener diversos productos locales en los 30 stands instalados para ello.<\/p>\n\n\n\n<p>\u201cHa sido una jornada exitosa, en la que hemos podido compartir y disfrutar de lo mejor de nuestro. Cada vez, tenemos m\u00e1s p\u00fablico en nuestras Ferias, las que han sido apreciadas y valorada por la comunidad, por lo que esperamos poder extender las fechas durante marzo\u201d, explic\u00f3 el alcalde Claudio Radonich.<\/p>\n\n\n\n<p>En esta ocasi\u00f3n, Juana Garay Oyarz\u00fan y Humberto Reyes, fueron los ganadores de las canastas de productos que regalan los participantes de las Ferias, quienes agradecieron la iniciativa municipal.<\/p>\n\n\n\n<p>Finalmente, Radonich reiter\u00f3 la invitaci\u00f3n para el 23 de febrero, fecha en la cual se realizar\u00e1 una nueva Feria, esta vez en el Instituto Superior de Comercio ubicado en calle Magallanes 847 a partir de las 10 horas.<\/p>\n","protected":false},"excerpt":{"rendered":"<p>Como ya es tradici\u00f3n, el pasado s\u00e1bado 9 de febrero, se realiz\u00f3 una nueva Feria de Frutas, Verduras y Plantas Regionales, esta vez en la Escuela Argentina de nuestra ciudad&#8230;. <a class=\"read-more\" href=\"https:\/\/www.radiopresidenteibanez.cl\/web\/mas-de-1500-personas-llegaron-hasta-la-feria-saludable-municipal\/\">Leer m\u00e1s<\/a><\/p>\n","protected":false},"author":2,"featured_media":1326,"comment_status":"closed","ping_status":"closed","sticky":false,"template":"","format":"standard","meta":{"footnotes":""},"categories":[1],"tags":[],"class_list":["post-1325","post","type-post","status-publish","format-standard","has-post-thumbnail","hentry","category-cronica"],"_links":{"self":[{"href":"https:\/\/www.radiopresidenteibanez.cl\/web\/wp-json\/wp\/v2\/posts\/1325","targetHints":{"allow":["GET"]}}],"collection":[{"href":"https:\/\/www.radiopresidenteibanez.cl\/web\/wp-json\/wp\/v2\/posts"}],"about":[{"href":"https:\/\/www.radiopresidenteibanez.cl\/web\/wp-json\/wp\/v2\/types\/post"}],"author":[{"embeddable":true,"href":"https:\/\/www.radiopresidenteibanez.cl\/web\/wp-json\/wp\/v2\/users\/2"}],"replies":[{"embeddable":true,"href":"https:\/\/www.radiopresidenteibanez.cl\/web\/wp-json\/wp\/v2\/comments?post=1325"}],"version-history":[{"count":0,"href":"https:\/\/www.radiopresidenteibanez.cl\/web\/wp-json\/wp\/v2\/posts\/1325\/revisions"}],"wp:featuredmedia":[{"embeddable":true,"href":"https:\/\/www.radiopresidenteibanez.cl\/web\/wp-json\/wp\/v2\/media\/1326"}],"wp:attachment":[{"href":"https:\/\/www.radiopresidenteibanez.cl\/web\/wp-json\/wp\/v2\/media?parent=1325"}],"wp:term":[{"taxonomy":"category","embeddable":true,"href":"https:\/\/www.radiopresidenteibanez.cl\/web\/wp-json\/wp\/v2\/categories?post=1325"},{"taxonomy":"post_tag","embeddable":true,"href":"https:\/\/www.radiopresidenteibanez.cl\/web\/wp-json\/wp\/v2\/tags?post=1325"}],"curies":[{"name":"wp","href":"https:\/\/api.w.org\/{rel}","templated":true}]}}