{"id":13248,"date":"2020-07-09T12:55:31","date_gmt":"2020-07-09T12:55:31","guid":{"rendered":"https:\/\/www.radiopresidenteibanez.cl\/web\/?p=13248"},"modified":"2020-07-09T12:55:35","modified_gmt":"2020-07-09T12:55:35","slug":"gobernacion-de-magallanes-entrega-ayuda-a-tarjeteros-de-punta-arenas","status":"publish","type":"post","link":"https:\/\/www.radiopresidenteibanez.cl\/web\/gobernacion-de-magallanes-entrega-ayuda-a-tarjeteros-de-punta-arenas\/","title":{"rendered":"GOBERNACI\u00d3N DE MAGALLANES ENTREGA AYUDA A TARJETEROS DE PUNTA ARENAS"},"content":{"rendered":"\n<p>35 familias\nson las que se vieron beneficiadas, con la entrega de canastas de alimentos que\nrealiz\u00f3 la gobernaci\u00f3n provincial de Magallanes, a trav\u00e9s de su programa\nGobierno en Terreno, quienes ayudaron a entregar de forma r\u00e1pida y eficaz, este\nsignificativo beneficio.<\/p>\n\n\n\n<p>El gobernador\nde Magallanes, Homero Villegas, explic\u00f3 que \u201ccomo gobernaci\u00f3n, quisimos\nacercarnos y ayudar un poco a estas familias, que recientemente perdieron su\nfuente de ingreso, as\u00ed que esto es s\u00f3lo un peque\u00f1o aporte para personas que lo\nest\u00e1n pasando mal, producto de las consecuencias que nos ha tra\u00eddo la pandemia\ndel COVID-19, hecho lamentable que afecta desafortunadamente a muchas familias\nde nuestra provincia\u201d.<\/p>\n\n\n\n<p>Patricio Soto,\nvicepresidente de Cooperativa Puq, destac\u00f3 que actualmente, \u201csomos\n23 socios, los cuales estamos recibiendo esta ayuda de la gobernaci\u00f3n\nprovincial, esta ayuda es muy importante para nosotros, como trabajadores\ncesantes de la empresa anterior\u201d.<\/p>\n\n\n\n<p>La canasta incluye: legumbres, fideos, aceite,\nleche, az\u00facar, tarros en conserva, 10 kilos de harina, jab\u00f3n y detergente,\nentre otros productos de alimentaci\u00f3n e higiene, a lo cual, en este caso, se\nsum\u00f3 un pollo congelado, entero, que privados hicieron llegar a las familias\nmediante la gobernaci\u00f3n provincial.<\/p>\n\n\n\n<p>Yazna Vidal, una de las beneficiadas,\nmanifest\u00f3 su agradecimiento, manifestando que, \u201ces super genial la entrega. Somos\n35 familias que estamos sin trabajo hasta el momento y atr\u00e1s tenemos familias,\narriendos, pensiones alimenticias que pagar y si no tenemos sueldo c\u00f3mo lo vas\na cancelar\u201d.<\/p>\n\n\n\n<p>Esta actividad, se desarroll\u00f3 en el marco del programa Alimentos para\nChile, &nbsp;que desde su anuncio el pasado 22\nde mayo, ha entregado cerca de 2,5 millones de canastas de mercader\u00eda a lo\nlargo del pa\u00eds.<strong> <\/strong><\/p>\n","protected":false},"excerpt":{"rendered":"<p>35 familias son las que se vieron beneficiadas, con la entrega de canastas de alimentos que realiz\u00f3 la gobernaci\u00f3n provincial de Magallanes, a trav\u00e9s de su programa Gobierno en Terreno,&#8230; <a class=\"read-more\" href=\"https:\/\/www.radiopresidenteibanez.cl\/web\/gobernacion-de-magallanes-entrega-ayuda-a-tarjeteros-de-punta-arenas\/\">Leer m\u00e1s<\/a><\/p>\n","protected":false},"author":2,"featured_media":13249,"comment_status":"closed","ping_status":"closed","sticky":false,"template":"","format":"standard","meta":{"footnotes":""},"categories":[1],"tags":[],"class_list":["post-13248","post","type-post","status-publish","format-standard","has-post-thumbnail","hentry","category-cronica"],"_links":{"self":[{"href":"https:\/\/www.radiopresidenteibanez.cl\/web\/wp-json\/wp\/v2\/posts\/13248","targetHints":{"allow":["GET"]}}],"collection":[{"href":"https:\/\/www.radiopresidenteibanez.cl\/web\/wp-json\/wp\/v2\/posts"}],"about":[{"href":"https:\/\/www.radiopresidenteibanez.cl\/web\/wp-json\/wp\/v2\/types\/post"}],"author":[{"embeddable":true,"href":"https:\/\/www.radiopresidenteibanez.cl\/web\/wp-json\/wp\/v2\/users\/2"}],"replies":[{"embeddable":true,"href":"https:\/\/www.radiopresidenteibanez.cl\/web\/wp-json\/wp\/v2\/comments?post=13248"}],"version-history":[{"count":0,"href":"https:\/\/www.radiopresidenteibanez.cl\/web\/wp-json\/wp\/v2\/posts\/13248\/revisions"}],"wp:featuredmedia":[{"embeddable":true,"href":"https:\/\/www.radiopresidenteibanez.cl\/web\/wp-json\/wp\/v2\/media\/13249"}],"wp:attachment":[{"href":"https:\/\/www.radiopresidenteibanez.cl\/web\/wp-json\/wp\/v2\/media?parent=13248"}],"wp:term":[{"taxonomy":"category","embeddable":true,"href":"https:\/\/www.radiopresidenteibanez.cl\/web\/wp-json\/wp\/v2\/categories?post=13248"},{"taxonomy":"post_tag","embeddable":true,"href":"https:\/\/www.radiopresidenteibanez.cl\/web\/wp-json\/wp\/v2\/tags?post=13248"}],"curies":[{"name":"wp","href":"https:\/\/api.w.org\/{rel}","templated":true}]}}