{"id":13245,"date":"2020-07-09T12:53:49","date_gmt":"2020-07-09T12:53:49","guid":{"rendered":"https:\/\/www.radiopresidenteibanez.cl\/web\/?p=13245"},"modified":"2020-07-09T12:53:53","modified_gmt":"2020-07-09T12:53:53","slug":"core-oficiara-al-presidente-de-la-republica-solicitando-continuidad-del-plan-especial-de-zonas-extremas-en-magallanes","status":"publish","type":"post","link":"https:\/\/www.radiopresidenteibanez.cl\/web\/core-oficiara-al-presidente-de-la-republica-solicitando-continuidad-del-plan-especial-de-zonas-extremas-en-magallanes\/","title":{"rendered":"CORE OFICIAR\u00c1 AL PRESIDENTE DE LA REP\u00daBLICA SOLICITANDO CONTINUIDAD DEL PLAN ESPECIAL DE ZONAS EXTREMAS EN MAGALLANES"},"content":{"rendered":"\n<p>El Consejo Regional de\nMagallanes y de la Ant\u00e1rtica Chilena acord\u00f3 en sesi\u00f3n plenaria este martes, enviar\nun oficio dirigido al presidente de la Rep\u00fablica, Sebasti\u00e1n Pi\u00f1era, solicitando\nasegurar la continuidad del Plan Especial de Zonas Extremas (PEDZE) en\nMagallanes y manifestando que m\u00e1s all\u00e1 del nombre que este plan tenga, lo\nimportante es mantener el nivel de inversi\u00f3n y la metodolog\u00eda que modific\u00f3 el\nfactor rentabilidad en los proyectos permitiendo concretar obras que antes, bajo\nuna mirada centralista, eran impensables para la regi\u00f3n.<\/p>\n\n\n\n<p>El acuerdo surge en el\ncontexto de la aprobaci\u00f3n de los programas 02 Fondo Nacional de Desarrollo\nRegional (FNDR) por un monto total de 80 mil 188 millones 317 pesos y 03 Fondo\nde Desarrollo de Magallanes (FONDEMA) por un monto de 8 mil 844 millones 523\nmil pesos para el a\u00f1o 2021, los cuales fueron sometidos a reconsideraci\u00f3n del\nConsejo Regional a solicitud de Intendente. Los Consejeros Regionales a trav\u00e9s\nde la moci\u00f3n sancionada dejaron en claro que para mantener el nivel de\ninversi\u00f3n en la regi\u00f3n es imperioso contar con recursos que permitan dan\ncontinuidad al Plan de Zona Extremas \u201cesta sanci\u00f3n respalda la propuesta del\nEjecutivo del Gobierno Regional, en el sentido que garantizar\u00eda para el pr\u00f3ximo\na\u00f1o, los recursos suficientes para dar continuidad a los proyectos que formaron\nparte del Plan Especial de Zona Extremas (PEDZE), sin embargo, es necesario\nasegurar su financiamiento m\u00e1s all\u00e1 del a\u00f1o 2021 y por ello es urgente mantener\nen el tiempo un nivel alto de inversi\u00f3n p\u00fablica, por cuanto es la \u00fanica forma\nde asegurar el progreso y desarrollo de nuestra regi\u00f3n. En consecuencia, es\noportuno emplazar a la primera autoridad regional, a los parlamentarios y a\ntodos los actores relevantes del quehacer regional, para exigir del nivel\ncentral un instrumento similar al PEDZE que permita alcanzar el tan anhelado\nprogreso y desarrollo a los esforzados habitantes de estas tierras australes\u201d.<\/p>\n\n\n\n<p>Seg\u00fan inform\u00f3 el presidente de la comisi\u00f3n R\u00e9gimen\nInterior, Tolentino Soto, \u201cpor acuerdo un\u00e1nime enviaremos una carta dirigida al\nPresidente de la Rep\u00fablica y pediremos apoyo a los parlamentarios, alcaldes y\nautoridades encabezadas por el intendente a fin de solicitar la continuidad del\nPlan de Zonas Extremas ya que est\u00e1 expirando y hasta ahora no ha habido un\npronunciando oficial del Gobierno. Esta carta debe explicar que el plan\nentregaba recursos adicionales con una metodolog\u00eda de inversi\u00f3n distinta\npermitiendo que muchas obras, pese a no tener rentabilidad, apoyadas en el\nfactor social se ejecutaran como por ejemplo la conectividad en Tierra del\nFuego. No nos interesa como se llame este plan pero s\u00ed que se tome la decisi\u00f3n\npol\u00edtica de continuar con este instrumento ya que en Magallanes la inversi\u00f3n\nm\u00e1s importante es la p\u00fablica\u201d, afirm\u00f3.<\/p>\n\n\n\n<p>Asimismo\nel presidente de Infraestructura, Miguel Sierpe, manifest\u00f3 \u201cdimos un paso\nimportante al solucionar inconvenientes que ten\u00edamos hace un par de semanas producto\nde lo cual hab\u00edamos rechazado el proyecto de inversi\u00f3n del Gobierno Regional y despu\u00e9s\nde varias reuniones con la ayuda de la Divisi\u00f3n de Presupuesto logramos llegar\na acuerdo en los subt\u00edtulos 02 y 03. Votamos favorablemente ya que se nos inform\u00f3\nque se generar\u00edan los recursos que permitir\u00e1n continuar las obras del Plan de\nZonas Extremas pero hoy hemos ido m\u00e1s all\u00e1 al convocar a la primera autoridad\nregional, parlamentarios y alcaldes para defender este plan que ha tenido un\nimpacto en el desarrollo de Magallanes, es importante el trabajo de todas las\nfuerzas vivas y organizaciones a fin de exigir a la autoridad central\ncomprometerse con su continuidad\u201d, concluy\u00f3 el consejero regional. &nbsp;<\/p>\n","protected":false},"excerpt":{"rendered":"<p>El Consejo Regional de Magallanes y de la Ant\u00e1rtica Chilena acord\u00f3 en sesi\u00f3n plenaria este martes, enviar un oficio dirigido al presidente de la Rep\u00fablica, Sebasti\u00e1n Pi\u00f1era, solicitando asegurar la&#8230; <a class=\"read-more\" href=\"https:\/\/www.radiopresidenteibanez.cl\/web\/core-oficiara-al-presidente-de-la-republica-solicitando-continuidad-del-plan-especial-de-zonas-extremas-en-magallanes\/\">Leer m\u00e1s<\/a><\/p>\n","protected":false},"author":2,"featured_media":13246,"comment_status":"closed","ping_status":"closed","sticky":false,"template":"","format":"standard","meta":{"footnotes":""},"categories":[1],"tags":[],"class_list":["post-13245","post","type-post","status-publish","format-standard","has-post-thumbnail","hentry","category-cronica"],"_links":{"self":[{"href":"https:\/\/www.radiopresidenteibanez.cl\/web\/wp-json\/wp\/v2\/posts\/13245","targetHints":{"allow":["GET"]}}],"collection":[{"href":"https:\/\/www.radiopresidenteibanez.cl\/web\/wp-json\/wp\/v2\/posts"}],"about":[{"href":"https:\/\/www.radiopresidenteibanez.cl\/web\/wp-json\/wp\/v2\/types\/post"}],"author":[{"embeddable":true,"href":"https:\/\/www.radiopresidenteibanez.cl\/web\/wp-json\/wp\/v2\/users\/2"}],"replies":[{"embeddable":true,"href":"https:\/\/www.radiopresidenteibanez.cl\/web\/wp-json\/wp\/v2\/comments?post=13245"}],"version-history":[{"count":0,"href":"https:\/\/www.radiopresidenteibanez.cl\/web\/wp-json\/wp\/v2\/posts\/13245\/revisions"}],"wp:featuredmedia":[{"embeddable":true,"href":"https:\/\/www.radiopresidenteibanez.cl\/web\/wp-json\/wp\/v2\/media\/13246"}],"wp:attachment":[{"href":"https:\/\/www.radiopresidenteibanez.cl\/web\/wp-json\/wp\/v2\/media?parent=13245"}],"wp:term":[{"taxonomy":"category","embeddable":true,"href":"https:\/\/www.radiopresidenteibanez.cl\/web\/wp-json\/wp\/v2\/categories?post=13245"},{"taxonomy":"post_tag","embeddable":true,"href":"https:\/\/www.radiopresidenteibanez.cl\/web\/wp-json\/wp\/v2\/tags?post=13245"}],"curies":[{"name":"wp","href":"https:\/\/api.w.org\/{rel}","templated":true}]}}