{"id":13238,"date":"2020-07-09T12:52:04","date_gmt":"2020-07-09T12:52:04","guid":{"rendered":"https:\/\/www.radiopresidenteibanez.cl\/web\/?p=13238"},"modified":"2020-07-09T12:52:08","modified_gmt":"2020-07-09T12:52:08","slug":"juramento-a-la-bandera-honor-y-gloria-a-los-77-de-la-concepcion","status":"publish","type":"post","link":"https:\/\/www.radiopresidenteibanez.cl\/web\/juramento-a-la-bandera-honor-y-gloria-a-los-77-de-la-concepcion\/","title":{"rendered":"JURAMENTO A LA BANDERA: \u201cHONOR Y GLORIA A LOS 77 DE LA CONCEPCI\u00d3N\u201d."},"content":{"rendered":"\n<p>El 9 y 10 de julio de 1882, en\nel pueblo de La Concepci\u00f3n ubicado en la sierra peruana, 77 chilenos al mando\ndel Capit\u00e1n Ignacio Carrera Pinto, protagonizaron uno de los hechos m\u00e1s\nheroicos de la historia militar de Chile, dejando un importante legado a las\nactuales generaciones de soldados.<\/p>\n\n\n\n<p>Inspirados en esta heroica\nhaza\u00f1a y en homenaje a los 77 h\u00e9roes de la Concepci\u00f3n, miles de j\u00f3venes, en\ntodo Chile, en esta fecha juran a la Bandera y se comprometen con la Patria\nhasta rendir la vida si es necesario. Pero este a\u00f1o, debido a la crisis\nsanitaria que estamos siendo afectados por la pandemia del COVID- 19, no se\nefectuar\u00e1 esta significativa ceremonia.<\/p>\n\n\n\n<p>Sin embargo, hoy m\u00e1s que nunca\nse hace palpable el juramento que cada integrante del Ej\u00e9rcito efectu\u00f3 de\nservir fielmente a nuestra patria y compatriotas.<\/p>\n\n\n\n<p><strong><em>EL SENTIDO DE PATRIOTISMO\nEN \u00c9POCA DE PANDEMIA<\/em><\/strong><\/p>\n\n\n\n<p>Importante es conocer el\ntestimonio del personal militar empleado en esta Pandemia y la visi\u00f3n que tiene\npara ellos, el trabajo que realizan diariamente, en pro de la salud de la\ncomunidad de Magallanes.<\/p>\n\n\n\n<p>A trav\u00e9s de su labor diaria\ndestacamos el esp\u00edritu y valor del soldado chileno, quienes impulsados por el\namor a su patria, mantienen vivo el esp\u00edritu de esos 77 hombres que pelearon\npor su pa\u00eds, hace 138 a\u00f1os atr\u00e1s.<\/p>\n\n\n\n<p><strong><em>Cabo Jacqueline Conejeros Moreno, Destacamento Acorazado N\u00b0 5 \u201cLanceros\u201d<\/em><\/strong><\/p>\n\n\n\n<p>\u201cTodos hemos hecho alg\u00fan sacrificio para poder ayudar a los funcionarios de la salud a combatir la pandemia, nuestro compromiso es con el pa\u00eds y su gente, no importa cu\u00e1nto dure nuestro despliegue, ni el tiempo sin ver a nuestra familia. Nuestra responsabilidad es proteger al pa\u00eds ante cualquier amenaza, ese es el juramento que yo hice a la bandera.\u201d<\/p>\n\n\n\n<figure class=\"wp-block-image size-large is-resized\"><img loading=\"lazy\" decoding=\"async\" src=\"https:\/\/www.radiopresidenteibanez.cl\/web\/wp-content\/uploads\/2020\/07\/WhatsApp-Image-2020-07-06-at-15.13.53.jpeg\" alt=\"\" class=\"wp-image-13239\" width=\"327\" height=\"327\" srcset=\"https:\/\/www.radiopresidenteibanez.cl\/web\/wp-content\/uploads\/2020\/07\/WhatsApp-Image-2020-07-06-at-15.13.53.jpeg 400w, https:\/\/www.radiopresidenteibanez.cl\/web\/wp-content\/uploads\/2020\/07\/WhatsApp-Image-2020-07-06-at-15.13.53-300x300.jpeg 300w, https:\/\/www.radiopresidenteibanez.cl\/web\/wp-content\/uploads\/2020\/07\/WhatsApp-Image-2020-07-06-at-15.13.53-150x150.jpeg 150w\" sizes=\"auto, (max-width: 327px) 100vw, 327px\" \/><figcaption> <strong><em>Cabo Jacqueline Conejeros Moreno, Destacamento Acorazado N\u00b0 5 \u201cLanceros\u201d<\/em><\/strong> <\/figcaption><\/figure>\n\n\n\n<p><strong><em>Subteniente Andr\u00e9s Varela Garrido, Destacamento Motorizado N\u00b0 11 \u201cCaupolic\u00e1n\u201d <\/em><\/strong><\/p>\n\n\n\n<p><em>\u201cPara m\u00ed es un orgullo servir a mi pa\u00eds en esta emergencia sanitaria, donde nuestra formaci\u00f3n y profesionalismo son puestos a prueba permanentemente para ir en apoyo de la ciudadan\u00eda. Es un orgullo poder servir a nuestro pa\u00eds, y en espec\u00edfico, a la regi\u00f3n de Magallanes, con la \u00fanica finalidad de resguardar la salud de nuestros compatriotas\u201d. <\/em><\/p>\n\n\n\n<figure class=\"wp-block-image size-large is-resized\"><img loading=\"lazy\" decoding=\"async\" src=\"https:\/\/www.radiopresidenteibanez.cl\/web\/wp-content\/uploads\/2020\/07\/WhatsApp-Image-2020-07-08-at-10.14.07.jpeg\" alt=\"\" class=\"wp-image-13240\" width=\"360\" height=\"360\" srcset=\"https:\/\/www.radiopresidenteibanez.cl\/web\/wp-content\/uploads\/2020\/07\/WhatsApp-Image-2020-07-08-at-10.14.07.jpeg 400w, https:\/\/www.radiopresidenteibanez.cl\/web\/wp-content\/uploads\/2020\/07\/WhatsApp-Image-2020-07-08-at-10.14.07-300x300.jpeg 300w, https:\/\/www.radiopresidenteibanez.cl\/web\/wp-content\/uploads\/2020\/07\/WhatsApp-Image-2020-07-08-at-10.14.07-150x150.jpeg 150w\" sizes=\"auto, (max-width: 360px) 100vw, 360px\" \/><figcaption> <strong><em>Subteniente Andr\u00e9s Varela Garrido, Destacamento Motorizado N\u00b0 11 \u201cCaupolic\u00e1n\u201d <\/em><\/strong> <\/figcaption><\/figure>\n\n\n\n<p><strong><em>Soldado de Tropa Profesional Karen Quel\u00edn Vera, Btn. De Telecomunicaciones Mecanizado N\u00b05 \u201cPatagonia\u201d <\/em><\/strong><\/p>\n\n\n\n<p>\u201cMe siento orgullosa del trabajo que realizamos como soldados del Ej\u00e9rcito de Chile, y de honrar a mi bandera al desarrollar con \u00e9xito la tarea encomendada. Justamente eleg\u00ed esta profesi\u00f3n para contribuir cuando el pa\u00eds lo necesita, como le ocurre a tantos chilenos y chilenas que con su labor est\u00e1n permitiendo que el pa\u00eds contin\u00fae funcionando\u201d.<\/p>\n\n\n\n<figure class=\"wp-block-image size-large is-resized\"><img loading=\"lazy\" decoding=\"async\" src=\"https:\/\/www.radiopresidenteibanez.cl\/web\/wp-content\/uploads\/2020\/07\/CCY_1793.jpg\" alt=\"\" class=\"wp-image-13241\" width=\"366\" height=\"366\" srcset=\"https:\/\/www.radiopresidenteibanez.cl\/web\/wp-content\/uploads\/2020\/07\/CCY_1793.jpg 400w, https:\/\/www.radiopresidenteibanez.cl\/web\/wp-content\/uploads\/2020\/07\/CCY_1793-300x300.jpg 300w, https:\/\/www.radiopresidenteibanez.cl\/web\/wp-content\/uploads\/2020\/07\/CCY_1793-150x150.jpg 150w\" sizes=\"auto, (max-width: 366px) 100vw, 366px\" \/><figcaption> <strong><em>Soldado de Tropa Profesional Karen Quel\u00edn Vera, Btn. De Telecomunicaciones Mecanizado N\u00b05 \u201cPatagonia\u201d <\/em><\/strong> <\/figcaption><\/figure>\n\n\n\n<p>La acci\u00f3n que est\u00e1 efectuando la instituci\u00f3n durante\neste Estado de Emergencia de Cat\u00e1strofe, refleja el compromiso permanente del\nEj\u00e9rcito de Chile, con sus m\u00e1s de 45 mil integrantes, adquirido en el Juramento\na la Bandera, con el pa\u00eds y sus ciudadanos, especialmente, en aquellos momentos\nen los cuales nuestros compatriotas m\u00e1s lo necesitan.<\/p>\n\n\n\n<p>Hoy se resalta la profunda importancia\nque mantiene la vocaci\u00f3n de servicio a la Patria, que honra el legado de valor\ny virtud de nuestros h\u00e9roes y que se ve reflejado cada vez que el pa\u00eds lo requiere,\ncomo lo estamos viviendo, ayudando a nuestros compatriotas en esta pandemia.<\/p>\n\n\n\n<p>En su mensaje, el Comandante en Jefe de la V Divisi\u00f3n de Ej\u00e9rcito, General de Divisi\u00f3n Rodrigo Ventura Sancho manifiesta la importancia de esta fecha, al expresar \u201choy conmemoramos un nuevo aniversario del combate de la concepci\u00f3n, hecho hist\u00f3rico que nos enorgullece, donde 77 compatriotas dieron la mayor muestra de patriotismo, compromiso y de valor en la sierra peruana. Recordar actos heroicos y de alta trascendencia de nuestra historia nacional, nos ayuda a mantener vivo el reconocimiento de nuestros h\u00e9roes y tambi\u00e9n mantener la esperanza que esos mismos valores nos unan como sociedad e iluminen nuestro comportamiento y actuar en el futuro\u201d <\/p>\n\n\n\n<figure class=\"wp-block-image size-large is-resized\"><img loading=\"lazy\" decoding=\"async\" src=\"https:\/\/www.radiopresidenteibanez.cl\/web\/wp-content\/uploads\/2020\/07\/foto-portada-diario-juramento.jpg\" alt=\"\" class=\"wp-image-13242\" width=\"368\" height=\"368\" srcset=\"https:\/\/www.radiopresidenteibanez.cl\/web\/wp-content\/uploads\/2020\/07\/foto-portada-diario-juramento.jpg 400w, https:\/\/www.radiopresidenteibanez.cl\/web\/wp-content\/uploads\/2020\/07\/foto-portada-diario-juramento-300x300.jpg 300w, https:\/\/www.radiopresidenteibanez.cl\/web\/wp-content\/uploads\/2020\/07\/foto-portada-diario-juramento-150x150.jpg 150w\" sizes=\"auto, (max-width: 368px) 100vw, 368px\" \/><figcaption> Comandante en Jefe de la V Divisi\u00f3n de Ej\u00e9rcito, General de Divisi\u00f3n Rodrigo Ventura Sancho <\/figcaption><\/figure>\n","protected":false},"excerpt":{"rendered":"<p>El 9 y 10 de julio de 1882, en el pueblo de La Concepci\u00f3n ubicado en la sierra peruana, 77 chilenos al mando del Capit\u00e1n Ignacio Carrera Pinto, protagonizaron uno&#8230; <a class=\"read-more\" href=\"https:\/\/www.radiopresidenteibanez.cl\/web\/juramento-a-la-bandera-honor-y-gloria-a-los-77-de-la-concepcion\/\">Leer m\u00e1s<\/a><\/p>\n","protected":false},"author":2,"featured_media":13243,"comment_status":"closed","ping_status":"closed","sticky":false,"template":"","format":"standard","meta":{"footnotes":""},"categories":[1],"tags":[],"class_list":["post-13238","post","type-post","status-publish","format-standard","has-post-thumbnail","hentry","category-cronica"],"_links":{"self":[{"href":"https:\/\/www.radiopresidenteibanez.cl\/web\/wp-json\/wp\/v2\/posts\/13238","targetHints":{"allow":["GET"]}}],"collection":[{"href":"https:\/\/www.radiopresidenteibanez.cl\/web\/wp-json\/wp\/v2\/posts"}],"about":[{"href":"https:\/\/www.radiopresidenteibanez.cl\/web\/wp-json\/wp\/v2\/types\/post"}],"author":[{"embeddable":true,"href":"https:\/\/www.radiopresidenteibanez.cl\/web\/wp-json\/wp\/v2\/users\/2"}],"replies":[{"embeddable":true,"href":"https:\/\/www.radiopresidenteibanez.cl\/web\/wp-json\/wp\/v2\/comments?post=13238"}],"version-history":[{"count":0,"href":"https:\/\/www.radiopresidenteibanez.cl\/web\/wp-json\/wp\/v2\/posts\/13238\/revisions"}],"wp:featuredmedia":[{"embeddable":true,"href":"https:\/\/www.radiopresidenteibanez.cl\/web\/wp-json\/wp\/v2\/media\/13243"}],"wp:attachment":[{"href":"https:\/\/www.radiopresidenteibanez.cl\/web\/wp-json\/wp\/v2\/media?parent=13238"}],"wp:term":[{"taxonomy":"category","embeddable":true,"href":"https:\/\/www.radiopresidenteibanez.cl\/web\/wp-json\/wp\/v2\/categories?post=13238"},{"taxonomy":"post_tag","embeddable":true,"href":"https:\/\/www.radiopresidenteibanez.cl\/web\/wp-json\/wp\/v2\/tags?post=13238"}],"curies":[{"name":"wp","href":"https:\/\/api.w.org\/{rel}","templated":true}]}}