{"id":13233,"date":"2020-07-09T12:39:56","date_gmt":"2020-07-09T12:39:56","guid":{"rendered":"https:\/\/www.radiopresidenteibanez.cl\/web\/?p=13233"},"modified":"2020-07-09T12:40:00","modified_gmt":"2020-07-09T12:40:00","slug":"diputado-bianchi-se-refirio-a-la-aprobacion-en-la-camara-de-diputados-del-retiro-del-10-de-los-fondos-previsionales","status":"publish","type":"post","link":"https:\/\/www.radiopresidenteibanez.cl\/web\/diputado-bianchi-se-refirio-a-la-aprobacion-en-la-camara-de-diputados-del-retiro-del-10-de-los-fondos-previsionales\/","title":{"rendered":"DIPUTADO BIANCHI SE REFIRI\u00d3 A LA APROBACI\u00d3N EN LA C\u00c1MARA DE DIPUTADOS DEL RETIRO DEL 10% DE LOS FONDOS PREVISIONALES"},"content":{"rendered":"\n<p>Con 95 votos a favor 25 en\ncontra y 31 abstenciones, se aprob\u00f3 en general la reforma constitucional que\npermite el retiro de fondos previsionales durante la vigencia de un estado de\nexcepci\u00f3n constitucional de cat\u00e1strofe. El proyecto pasa a la Comisi\u00f3n de\nConstituci\u00f3n para su discusi\u00f3n en particular.<\/p>\n\n\n\n<p>El diputado independiente\nvalor\u00f3 a quienes por sobre las presiones pol\u00edticas pudieron votar a conciencia,\nentendiendo que \u201ctodas las medidas que hoy ha anunciado el Gobierno han sido\ninsuficientes o no han llegado a las familias que m\u00e1s lo necesitan\u201d.<\/p>\n\n\n\n<p>\u201cEstamos muy contentos y\nesperamos que en los pr\u00f3ximos tr\u00e1mites legislativos el Senado lo apruebe. Esto\nes un alivio para las familias de clase media que podr\u00e1n contar con este aporte\ndirecto y universal\u201d, asegur\u00f3.<\/p>\n\n\n\n<p>La reforma autoriza a los afiliados\ndel sistema privado de pensiones al retiro de fondos. La redacci\u00f3n del proyecto\nabre la puerta para que tambi\u00e9n se beneficien los jubilados que est\u00e1n regulados\npor el Decreto Ley 3.500, excluir\u00eda a quienes tengan pensi\u00f3n vitalicia porque\nno disponen de su fondo de capitalizaci\u00f3n, pero teniendo en cuenta que la\nredacci\u00f3n se puede mejorar.<\/p>\n\n\n\n<p>Los montos de retiro\nvoluntarios m\u00e1ximos son dos: Retiro de hasta el 10% de los fondos acumulados en\nla cuenta de capitalizaci\u00f3n individual o un l\u00edmite m\u00e1ximo de 150 UF,\nequivalente a $4.300.000 pesos aproximadamente.&nbsp;\n<\/p>\n\n\n\n<p>La\nnorma establece un m\u00ednimo que opera de la siguiente forma: Se establece un\nm\u00ednimo de retiro voluntario de 35 UF, equivalente a $1.000.000 de pesos\naproximadamente. <\/p>\n\n\n\n<p>En el\nevento de que el 10% de los fondos acumulados sean inferiores a estas 35 UF, el\nafiliado podr\u00e1 retirar hasta dicho monto. Por ejemplo, una cuenta de\ncapitalizaci\u00f3n con 9 millones de pesos, en la cual el 10% de retiro no alcanza\nal m\u00ednimo de un 1 mill\u00f3n, la ley faculta al cotizante a retirar $1.000.000 de\npesos (35UF) de manera excepcional.<\/p>\n\n\n\n<p>En el\ncaso de que los fondos acumulados en su cuenta de capitalizaci\u00f3n individual\nsean inferiores a las 35UF, el afiliado podr\u00e1 retirar la totalidad de los\nfondos acumulados en dicha cuenta. Por ejemplo, si el afiliado tiene 900.000\npesos en su cuenta, puede retirar todo. <\/p>\n\n\n\n<p>El\nmecanismo de pago ser\u00e1 el siguiente: El 50% del monto solicitado deber\u00e1 pagarse\nen un plazo de 10 d\u00edas h\u00e1biles y el 50% restante deber\u00e1 pagarse dentro de los\n30 d\u00edas h\u00e1biles siguientes a contar del pago anterior. <\/p>\n\n\n\n<p>Adem\u00e1s,\nse crea un Fondo Colectivo Solidario de Pensiones que se financiar\u00e1 con aportes\nde los empleadores y del Estado, cuyo objetivo ser\u00e1 financiar, bajo criterio de\nprogresividad, complementos a las pensiones.&nbsp;\n<\/p>\n\n\n\n<p>La administraci\u00f3n\ndel Fondo Colectivo Solidario de Pensiones ser\u00e1 realizada por una entidad\np\u00fablica y aut\u00f3noma de forma directa y solidaria, procediendo al momento de la\njubilaci\u00f3n del afiliado a complementar su pensi\u00f3n.<\/p>\n\n\n\n<p>La\nentidad p\u00fablica y aut\u00f3noma que administre el Fondo Colectivo Solidario de\nPensiones debe velar porque las inversiones que se hagan con cargo a esos\nrecursos sean realizadas promoviendo la sostenibilidad econ\u00f3mica, social y\nmedioambiental del Estado.<\/p>\n\n\n\n<p>\u201cEsperamos que se tramite con\nla m\u00e1xima celeridad posible y ojal\u00e1 los parlamentarios no cedan ante la presi\u00f3n\ndel Gobierno y se entregue este beneficio directamente a los trabajadores de\nnuestro pa\u00eds\u201d, manifest\u00f3 el diputado magall\u00e1nico.<\/p>\n","protected":false},"excerpt":{"rendered":"<p>Con 95 votos a favor 25 en contra y 31 abstenciones, se aprob\u00f3 en general la reforma constitucional que permite el retiro de fondos previsionales durante la vigencia de un&#8230; <a class=\"read-more\" href=\"https:\/\/www.radiopresidenteibanez.cl\/web\/diputado-bianchi-se-refirio-a-la-aprobacion-en-la-camara-de-diputados-del-retiro-del-10-de-los-fondos-previsionales\/\">Leer m\u00e1s<\/a><\/p>\n","protected":false},"author":2,"featured_media":5567,"comment_status":"closed","ping_status":"closed","sticky":false,"template":"","format":"standard","meta":{"footnotes":""},"categories":[1],"tags":[],"class_list":["post-13233","post","type-post","status-publish","format-standard","has-post-thumbnail","hentry","category-cronica"],"_links":{"self":[{"href":"https:\/\/www.radiopresidenteibanez.cl\/web\/wp-json\/wp\/v2\/posts\/13233","targetHints":{"allow":["GET"]}}],"collection":[{"href":"https:\/\/www.radiopresidenteibanez.cl\/web\/wp-json\/wp\/v2\/posts"}],"about":[{"href":"https:\/\/www.radiopresidenteibanez.cl\/web\/wp-json\/wp\/v2\/types\/post"}],"author":[{"embeddable":true,"href":"https:\/\/www.radiopresidenteibanez.cl\/web\/wp-json\/wp\/v2\/users\/2"}],"replies":[{"embeddable":true,"href":"https:\/\/www.radiopresidenteibanez.cl\/web\/wp-json\/wp\/v2\/comments?post=13233"}],"version-history":[{"count":0,"href":"https:\/\/www.radiopresidenteibanez.cl\/web\/wp-json\/wp\/v2\/posts\/13233\/revisions"}],"wp:featuredmedia":[{"embeddable":true,"href":"https:\/\/www.radiopresidenteibanez.cl\/web\/wp-json\/wp\/v2\/media\/5567"}],"wp:attachment":[{"href":"https:\/\/www.radiopresidenteibanez.cl\/web\/wp-json\/wp\/v2\/media?parent=13233"}],"wp:term":[{"taxonomy":"category","embeddable":true,"href":"https:\/\/www.radiopresidenteibanez.cl\/web\/wp-json\/wp\/v2\/categories?post=13233"},{"taxonomy":"post_tag","embeddable":true,"href":"https:\/\/www.radiopresidenteibanez.cl\/web\/wp-json\/wp\/v2\/tags?post=13233"}],"curies":[{"name":"wp","href":"https:\/\/api.w.org\/{rel}","templated":true}]}}