{"id":13220,"date":"2020-07-08T13:58:00","date_gmt":"2020-07-08T13:58:00","guid":{"rendered":"https:\/\/www.radiopresidenteibanez.cl\/web\/?p=13220"},"modified":"2020-07-08T13:58:04","modified_gmt":"2020-07-08T13:58:04","slug":"senadis-abre-postulacion-al-programa-de-apoyo-a-estudiantes-con-discapacidad-en-instituciones-de-educacion-superior-2020","status":"publish","type":"post","link":"https:\/\/www.radiopresidenteibanez.cl\/web\/senadis-abre-postulacion-al-programa-de-apoyo-a-estudiantes-con-discapacidad-en-instituciones-de-educacion-superior-2020\/","title":{"rendered":"SENADIS ABRE POSTULACI\u00d3N AL PROGRAMA DE APOYO A ESTUDIANTES CON DISCAPACIDAD EN INSTITUCIONES DE EDUCACI\u00d3N SUPERIOR 2020"},"content":{"rendered":"\n<p>SENADIS abre la postulaci\u00f3n al Programa de\nApoyo a Estudiantes con Discapacidad en Instituciones de Educaci\u00f3n Superior\n2020, que permitir\u00e1 acceder al financiamiento de ayudas t\u00e9cnicas, servicios de\napoyo y traslado. La convocatoria estar\u00e1 abierta hasta el pr\u00f3ximo 20 de julio.<\/p>\n\n\n\n<p>La iniciativa busca disminuir las\nbarreras que enfrentan los estudiantes con discapacidad para participar en los\nprocesos de aprendizaje, a trav\u00e9s de la entrega de recursos de apoyo para\nfacilitar su participaci\u00f3n en igualdad de condiciones.<\/p>\n\n\n\n<p>El Director Regional de SENADIS de\nMagallanes, Iv\u00e1n Gonz\u00e1lez Cresp, afirm\u00f3 que \u201cel compromiso del Gobierno en\nmedio de esta pandemia es ir en apoyo de las personas con discapacidad, por lo\nque revisamos este programa e incorporamos nuevas ayudas t\u00e9cnicas y tecnolog\u00edas\nde apoyo. Adem\u00e1s, mejoramos el proceso de firma de convenio a trav\u00e9s de la\nfirma electr\u00f3nica con Clave \u00danica, lo que evitar\u00e1 que los estudiantes realicen\nel tr\u00e1mite de manera presencial\u201d.<\/p>\n\n\n\n<p>Este a\u00f1o, el plan dispone de $\n526.299.620 para el financiamiento de Ayudas T\u00e9cnicas como tablets, notebooks,\nsillas de ruedas, diversos softwares y servicios de apoyo, como int\u00e9rpretes de\nlengua de se\u00f1as, entre otros. Adem\u00e1s, producto de la situaci\u00f3n sanitaria que\nvive el pa\u00eds, se incorporaron dispositivos de banda ancha m\u00f3vil para que los\nestudiantes con discapacidad puedan acceder a clases virtuales. <\/p>\n\n\n\n<p>Este programa est\u00e1 destinado a\negresados de cuarto medio, nacionales o extranjeros, y personas naturales que\nhayan cursado estudios en instituciones de educaci\u00f3n superior en a\u00f1os\nanteriores, y que actualmente estudian en planteles reconocidos por el Estado. En\nambos casos, los estudiantes deben estar inscritos en el Registro Nacional de\nla Discapacidad, RND.<\/p>\n\n\n\n<p>El per\u00edodo de postulaci\u00f3n finaliza\nel lunes 20 de julio de 2020 a las 17:00 horas. La plataforma de postulaci\u00f3n es\n<a href=\"https:\/\/estudiantes.senadis.cl\">https:\/\/estudiantes.senadis.cl<\/a> y\nse cuenta con el sistema Vi-Sor Web para apoyar la postulaci\u00f3n de estudiantes\nsordos.<\/p>\n\n\n\n<p>&nbsp;Durante 2019, SENADIS entreg\u00f3 recursos de\napoyo a 244 estudiantes con discapacidad a nivel nacional, 7 beneficiarios de\nPunta Arenas con presencia en las 3 casas estudiantiles Umag, Santo Tomas e\nInacap por un monto total de $ 10.898.980<\/p>\n","protected":false},"excerpt":{"rendered":"<p>SENADIS abre la postulaci\u00f3n al Programa de Apoyo a Estudiantes con Discapacidad en Instituciones de Educaci\u00f3n Superior 2020, que permitir\u00e1 acceder al financiamiento de ayudas t\u00e9cnicas, servicios de apoyo y&#8230; <a class=\"read-more\" href=\"https:\/\/www.radiopresidenteibanez.cl\/web\/senadis-abre-postulacion-al-programa-de-apoyo-a-estudiantes-con-discapacidad-en-instituciones-de-educacion-superior-2020\/\">Leer m\u00e1s<\/a><\/p>\n","protected":false},"author":2,"featured_media":740,"comment_status":"closed","ping_status":"closed","sticky":false,"template":"","format":"standard","meta":{"footnotes":""},"categories":[1],"tags":[],"class_list":["post-13220","post","type-post","status-publish","format-standard","has-post-thumbnail","hentry","category-cronica"],"_links":{"self":[{"href":"https:\/\/www.radiopresidenteibanez.cl\/web\/wp-json\/wp\/v2\/posts\/13220","targetHints":{"allow":["GET"]}}],"collection":[{"href":"https:\/\/www.radiopresidenteibanez.cl\/web\/wp-json\/wp\/v2\/posts"}],"about":[{"href":"https:\/\/www.radiopresidenteibanez.cl\/web\/wp-json\/wp\/v2\/types\/post"}],"author":[{"embeddable":true,"href":"https:\/\/www.radiopresidenteibanez.cl\/web\/wp-json\/wp\/v2\/users\/2"}],"replies":[{"embeddable":true,"href":"https:\/\/www.radiopresidenteibanez.cl\/web\/wp-json\/wp\/v2\/comments?post=13220"}],"version-history":[{"count":0,"href":"https:\/\/www.radiopresidenteibanez.cl\/web\/wp-json\/wp\/v2\/posts\/13220\/revisions"}],"wp:featuredmedia":[{"embeddable":true,"href":"https:\/\/www.radiopresidenteibanez.cl\/web\/wp-json\/wp\/v2\/media\/740"}],"wp:attachment":[{"href":"https:\/\/www.radiopresidenteibanez.cl\/web\/wp-json\/wp\/v2\/media?parent=13220"}],"wp:term":[{"taxonomy":"category","embeddable":true,"href":"https:\/\/www.radiopresidenteibanez.cl\/web\/wp-json\/wp\/v2\/categories?post=13220"},{"taxonomy":"post_tag","embeddable":true,"href":"https:\/\/www.radiopresidenteibanez.cl\/web\/wp-json\/wp\/v2\/tags?post=13220"}],"curies":[{"name":"wp","href":"https:\/\/api.w.org\/{rel}","templated":true}]}}