{"id":1322,"date":"2019-02-11T14:07:04","date_gmt":"2019-02-11T14:07:04","guid":{"rendered":"http:\/\/www.radiopresidenteibanez.cl\/web\/?p=1322"},"modified":"2019-02-11T14:07:28","modified_gmt":"2019-02-11T14:07:28","slug":"seremi-mop-inspecciona-obras-de-pavimentacion-en-camino-punta-prat","status":"publish","type":"post","link":"https:\/\/www.radiopresidenteibanez.cl\/web\/seremi-mop-inspecciona-obras-de-pavimentacion-en-camino-punta-prat\/","title":{"rendered":"SEREMI MOP INSPECCIONA OBRAS DE PAVIMENTACI\u00d3N EN CAMINO PUNTA PRAT"},"content":{"rendered":"\n<p>En el marco del programa de conservaci\u00f3n\nde caminos b\u00e1sicos, que ejecuta la Direcci\u00f3n de Vialidad del Ministerio de\nObras P\u00fablicas, se realiza la pavimentaci\u00f3n de hormig\u00f3n ultra delgado en el camino Y-530&nbsp; (Punta Prat \u2013 Rio\nCaleta).<\/p>\n\n\n\n<p>Dicho tratamiento, que se utiliza en aquellas rutas\nde bajo tr\u00e1nsito, permitir\u00e1 cambiar el est\u00e1ndar de este camino, de una\nsuperficie de material granular a una pavimentada.<\/p>\n\n\n\n<p>Las obras de pavimentaci\u00f3n, fueron inspeccionadas\npor el Seremi de Obras P\u00fablicas Pablo Rendoll y el Director Regional (s) de\nVialidad Francisco Orozco.<\/p>\n\n\n\n<p>\u201cSe\ntrata de una soluci\u00f3n efectiva para la conservaci\u00f3n de los caminos&nbsp; de bajo tr\u00e1nsito, que se debe potenciar para\nque los usuarios puedan contar con mejores condiciones de circulaci\u00f3n\u201d, dijo el\nseremi del MOP, destacando la labor de los funcionarios de Vialidad que ejecutan\nla obra.<\/p>\n\n\n\n<p>Por\nsu parte, el director regional subrogante de Vialidad, junto con destacar\nigualmente que este tipo de obras se realice con personal de la direcci\u00f3n,\nmanifest\u00f3 que \u201clos resultados obtenidos han sido muy satisfactorios y esperamos\nque en la medida en que se sigan ejecutando se logre una mayor experiencia de\nlos funcionarios\u201d.<\/p>\n\n\n\n<p>Las\nobras de pavimentaci\u00f3n de hormig\u00f3n ultra delgado se iniciaron en noviembre del\na\u00f1o pasado, y se espera, a trav\u00e9s de la administraci\u00f3n directa de Vialidad,\ncontar con 5 kil\u00f3metros de aqu\u00ed al 2020. <\/p>\n","protected":false},"excerpt":{"rendered":"<p>En el marco del programa de conservaci\u00f3n de caminos b\u00e1sicos, que ejecuta la Direcci\u00f3n de Vialidad del Ministerio de Obras P\u00fablicas, se realiza la pavimentaci\u00f3n de hormig\u00f3n ultra delgado en&#8230; <a class=\"read-more\" href=\"https:\/\/www.radiopresidenteibanez.cl\/web\/seremi-mop-inspecciona-obras-de-pavimentacion-en-camino-punta-prat\/\">Leer m\u00e1s<\/a><\/p>\n","protected":false},"author":2,"featured_media":1323,"comment_status":"closed","ping_status":"closed","sticky":false,"template":"","format":"standard","meta":{"footnotes":""},"categories":[1],"tags":[],"class_list":["post-1322","post","type-post","status-publish","format-standard","has-post-thumbnail","hentry","category-cronica"],"_links":{"self":[{"href":"https:\/\/www.radiopresidenteibanez.cl\/web\/wp-json\/wp\/v2\/posts\/1322","targetHints":{"allow":["GET"]}}],"collection":[{"href":"https:\/\/www.radiopresidenteibanez.cl\/web\/wp-json\/wp\/v2\/posts"}],"about":[{"href":"https:\/\/www.radiopresidenteibanez.cl\/web\/wp-json\/wp\/v2\/types\/post"}],"author":[{"embeddable":true,"href":"https:\/\/www.radiopresidenteibanez.cl\/web\/wp-json\/wp\/v2\/users\/2"}],"replies":[{"embeddable":true,"href":"https:\/\/www.radiopresidenteibanez.cl\/web\/wp-json\/wp\/v2\/comments?post=1322"}],"version-history":[{"count":0,"href":"https:\/\/www.radiopresidenteibanez.cl\/web\/wp-json\/wp\/v2\/posts\/1322\/revisions"}],"wp:featuredmedia":[{"embeddable":true,"href":"https:\/\/www.radiopresidenteibanez.cl\/web\/wp-json\/wp\/v2\/media\/1323"}],"wp:attachment":[{"href":"https:\/\/www.radiopresidenteibanez.cl\/web\/wp-json\/wp\/v2\/media?parent=1322"}],"wp:term":[{"taxonomy":"category","embeddable":true,"href":"https:\/\/www.radiopresidenteibanez.cl\/web\/wp-json\/wp\/v2\/categories?post=1322"},{"taxonomy":"post_tag","embeddable":true,"href":"https:\/\/www.radiopresidenteibanez.cl\/web\/wp-json\/wp\/v2\/tags?post=1322"}],"curies":[{"name":"wp","href":"https:\/\/api.w.org\/{rel}","templated":true}]}}