{"id":13212,"date":"2020-07-08T13:48:42","date_gmt":"2020-07-08T13:48:42","guid":{"rendered":"https:\/\/www.radiopresidenteibanez.cl\/web\/?p=13212"},"modified":"2020-07-08T13:48:46","modified_gmt":"2020-07-08T13:48:46","slug":"primera-dama-destaca-programa-juntas-crecemos-de-prodemu-apoyo-para-3-mil-mujeres-en-capacitacion-y-emprendimiento","status":"publish","type":"post","link":"https:\/\/www.radiopresidenteibanez.cl\/web\/primera-dama-destaca-programa-juntas-crecemos-de-prodemu-apoyo-para-3-mil-mujeres-en-capacitacion-y-emprendimiento\/","title":{"rendered":"PRIMERA DAMA DESTACA PROGRAMA \u201cJUNTAS CRECEMOS\u201d DE PRODEMU: APOYO PARA 3 MIL MUJERES EN CAPACITACI\u00d3N Y EMPRENDIMIENTO"},"content":{"rendered":"\n<p>\n\nLas siete instituciones que forman parte de la Red de Fundaciones de la Presidencia, las cuales preside la primera dama, Cecilia Morel, han adaptado e implementado una serie de programas para ir en ayuda de las personas vulnerables debido a los efectos de la crisis sanitaria provocada por el Covid 19.<\/p>\n\n\n\n<p>En esa l\u00ednea, Prodemu lanz\u00f3 \u201cJuntas Crecemos\u201d el cual tiene como objetivo fortalecer la autonom\u00eda econ\u00f3mica y de toma de decisiones de las mujeres. La iniciativa entregar\u00e1 herramientas para un emprendimiento a trav\u00e9s de capacitaciones v\u00eda online para 3 mil mujeres, adem\u00e1s de un capital de 150 mil pesos.<\/p>\n\n\n\n<p>La primera dama y Presidenta de Prodemu, Cecilia Morel, se\u00f1al\u00f3: \u201cEn este periodo de pandemia donde muchas familias est\u00e1n viendo lamentablemente afectados su trabajos, este tipo de ayudas son fundamentales para poder reinventarse en el mundo laboral. Tenemos que ser capaces de llegar con ayuda cada d\u00eda a m\u00e1s mujeres y familias vulnerables. Todo con el fin de apoyarlas en estos momentos tan duros y en eso seguiremos trabajando a trav\u00e9s de nuestras Fundaciones de la Presidencia\u201d.<\/p>\n\n\n\n<p>Uno de los sectores m\u00e1s golpeados producto de la crisis sanitaria han sido los emprendedores y trabajadores independientes. En ese contexto, las mujeres son las que se han visto tambi\u00e9n m\u00e1s afectadas por los efectos de la pandemia, considerando las dificultades que implica compatibilizar las tareas de estudio y dom\u00e9sticas que muchas de ellas hacen sumados al trabajo, esto tomando en cuenta que el 42,4% de los hogares en nuestro pa\u00eds son liderados por una mujer, siendo el 31,1% homoparental.<\/p>\n\n\n\n<p>Al respecto, la directora nacional de PRODEMU, Paola Diez, a\u00f1adi\u00f3 que \u201ccuando se emprende por necesidad los emprendimientos no son sostenibles en el tiempo, ya que se deben superar barreras que hacen que tengan menos ganancias en comparaci\u00f3n con los emprendimientos masculinos. Con Juntas Crecemos esperamos que ellas vean en su emprendimiento una oportunidad clara para alcanzar una autonom\u00eda econ\u00f3mica\u201d.<\/p>\n\n\n\n<p>En Chile, solo cerca del 40% de los emprendimientos est\u00e1n a cargo de mujeres, lo que equivale a unas 700 mil mujeres, de las cuales un 59% se\u00f1ala la necesidad como principal motivaci\u00f3n para emprender.<\/p>\n\n\n\n<p>\u201cJuntas Crecemos\u201d consta de 4 sesiones virtuales para la habilitaci\u00f3n del emprendimiento. Posteriormente, comienza la etapa de capacitaci\u00f3n t\u00e9cnica y por \u00faltimo, la proyecci\u00f3n del negocio.<\/p>\n\n\n\n<p>Para postular a este beneficio se debe llamar a ProdemuEscucha 800 364 200 o visitar la p\u00e1gina web&nbsp;<a href=\"http:\/\/www.prodemu.cl\/\" rel=\"noreferrer noopener\" target=\"_blank\">www.prodemu.cl<\/a>\u200b<br><\/p>\n","protected":false},"excerpt":{"rendered":"<p>Las siete instituciones que forman parte de la Red de Fundaciones de la Presidencia, las cuales preside la primera dama, Cecilia Morel, han adaptado e implementado una serie de programas&#8230; <a class=\"read-more\" href=\"https:\/\/www.radiopresidenteibanez.cl\/web\/primera-dama-destaca-programa-juntas-crecemos-de-prodemu-apoyo-para-3-mil-mujeres-en-capacitacion-y-emprendimiento\/\">Leer m\u00e1s<\/a><\/p>\n","protected":false},"author":2,"featured_media":13213,"comment_status":"closed","ping_status":"closed","sticky":false,"template":"","format":"standard","meta":{"footnotes":""},"categories":[1],"tags":[],"class_list":["post-13212","post","type-post","status-publish","format-standard","has-post-thumbnail","hentry","category-cronica"],"_links":{"self":[{"href":"https:\/\/www.radiopresidenteibanez.cl\/web\/wp-json\/wp\/v2\/posts\/13212","targetHints":{"allow":["GET"]}}],"collection":[{"href":"https:\/\/www.radiopresidenteibanez.cl\/web\/wp-json\/wp\/v2\/posts"}],"about":[{"href":"https:\/\/www.radiopresidenteibanez.cl\/web\/wp-json\/wp\/v2\/types\/post"}],"author":[{"embeddable":true,"href":"https:\/\/www.radiopresidenteibanez.cl\/web\/wp-json\/wp\/v2\/users\/2"}],"replies":[{"embeddable":true,"href":"https:\/\/www.radiopresidenteibanez.cl\/web\/wp-json\/wp\/v2\/comments?post=13212"}],"version-history":[{"count":0,"href":"https:\/\/www.radiopresidenteibanez.cl\/web\/wp-json\/wp\/v2\/posts\/13212\/revisions"}],"wp:featuredmedia":[{"embeddable":true,"href":"https:\/\/www.radiopresidenteibanez.cl\/web\/wp-json\/wp\/v2\/media\/13213"}],"wp:attachment":[{"href":"https:\/\/www.radiopresidenteibanez.cl\/web\/wp-json\/wp\/v2\/media?parent=13212"}],"wp:term":[{"taxonomy":"category","embeddable":true,"href":"https:\/\/www.radiopresidenteibanez.cl\/web\/wp-json\/wp\/v2\/categories?post=13212"},{"taxonomy":"post_tag","embeddable":true,"href":"https:\/\/www.radiopresidenteibanez.cl\/web\/wp-json\/wp\/v2\/tags?post=13212"}],"curies":[{"name":"wp","href":"https:\/\/api.w.org\/{rel}","templated":true}]}}