{"id":13209,"date":"2020-07-08T00:14:37","date_gmt":"2020-07-08T00:14:37","guid":{"rendered":"https:\/\/www.radiopresidenteibanez.cl\/web\/?p=13209"},"modified":"2020-07-08T00:14:42","modified_gmt":"2020-07-08T00:14:42","slug":"autoridad-maritima-informo-fallecimiento-de-operario-externo-en-punta-delgada","status":"publish","type":"post","link":"https:\/\/www.radiopresidenteibanez.cl\/web\/autoridad-maritima-informo-fallecimiento-de-operario-externo-en-punta-delgada\/","title":{"rendered":"AUTORIDAD MAR\u00cdTIMA INFORM\u00d3 FALLECIMIENTO DE OPERARIO EXTERNO EN PUNTA DELGADA"},"content":{"rendered":"\n<p>En la tarde del 7 de julio del presente a\u00f1o, durante trabajos de mantenimiento de la Barcaza \u201cGriega\u201d propiedad de la empresa DAP Mares, falleci\u00f3 un operario de la empresa \u201cLog\u00edstica y Servicios\u201d.<\/p>\n\n\n\n<p>El lamentable suceso aconteci\u00f3 tras el varamiento autorizado de la nave en una playa correspondiente a la jurisdicci\u00f3n de la Capitan\u00eda de Puerto de Punta Delgada, acci\u00f3n que se realiz\u00f3 con el objetivo de realizar trabajos menores de mantenci\u00f3n subcontratados a la empresa \u201cLog\u00edstica y Servicios\u201d en el lugar.<\/p>\n\n\n\n<p>En este contexto, mientras la empresa realizaba trabajos mayores en la nave,  se desprendi\u00f3 el eje de una de las h\u00e9lices de la barcaza provocando la muerte de un operario de la mencionada empresa, situaci\u00f3n que ser\u00e1 investigada por las autoridades competentes.<br> Producto de lo anterior, se activ\u00f3 el protocolo correspondiente por parte de la Autoridad Mar\u00edtima, disponiendo una investigaci\u00f3n Sumaria Administrativa Mar\u00edtima y tomando al instante contacto con el Fiscal de Turno, se\u00f1or Manuel Soto, qui\u00e9n instruy\u00f3 a la Polic\u00eda de Investigaciones para iniciar los peritajes correspondientes en el lugar y al Servicio M\u00e9dico Legal para el levantamiento del cad\u00e1ver.  <\/p>\n\n\n\n<p>La Gobernaci\u00f3n Mar\u00edtima de Punta Arenas brind\u00f3 y coordin\u00f3 las primeras atenciones de auxilio y ha puesto a disposici\u00f3n a trav\u00e9s de la Autoridad Mar\u00edtima todos los resguardos para el desarrollo de la investigaci\u00f3n.  Asimismo, lamenta profundamente la muerte del operario en las circunstancias descritas.    <\/p>\n","protected":false},"excerpt":{"rendered":"<p>En la tarde del 7 de julio del presente a\u00f1o, durante trabajos de mantenimiento de la Barcaza \u201cGriega\u201d propiedad de la empresa DAP Mares, falleci\u00f3 un operario de la empresa&#8230; <a class=\"read-more\" href=\"https:\/\/www.radiopresidenteibanez.cl\/web\/autoridad-maritima-informo-fallecimiento-de-operario-externo-en-punta-delgada\/\">Leer m\u00e1s<\/a><\/p>\n","protected":false},"author":2,"featured_media":13210,"comment_status":"closed","ping_status":"closed","sticky":false,"template":"","format":"standard","meta":{"footnotes":""},"categories":[1],"tags":[],"class_list":["post-13209","post","type-post","status-publish","format-standard","has-post-thumbnail","hentry","category-cronica"],"_links":{"self":[{"href":"https:\/\/www.radiopresidenteibanez.cl\/web\/wp-json\/wp\/v2\/posts\/13209","targetHints":{"allow":["GET"]}}],"collection":[{"href":"https:\/\/www.radiopresidenteibanez.cl\/web\/wp-json\/wp\/v2\/posts"}],"about":[{"href":"https:\/\/www.radiopresidenteibanez.cl\/web\/wp-json\/wp\/v2\/types\/post"}],"author":[{"embeddable":true,"href":"https:\/\/www.radiopresidenteibanez.cl\/web\/wp-json\/wp\/v2\/users\/2"}],"replies":[{"embeddable":true,"href":"https:\/\/www.radiopresidenteibanez.cl\/web\/wp-json\/wp\/v2\/comments?post=13209"}],"version-history":[{"count":0,"href":"https:\/\/www.radiopresidenteibanez.cl\/web\/wp-json\/wp\/v2\/posts\/13209\/revisions"}],"wp:featuredmedia":[{"embeddable":true,"href":"https:\/\/www.radiopresidenteibanez.cl\/web\/wp-json\/wp\/v2\/media\/13210"}],"wp:attachment":[{"href":"https:\/\/www.radiopresidenteibanez.cl\/web\/wp-json\/wp\/v2\/media?parent=13209"}],"wp:term":[{"taxonomy":"category","embeddable":true,"href":"https:\/\/www.radiopresidenteibanez.cl\/web\/wp-json\/wp\/v2\/categories?post=13209"},{"taxonomy":"post_tag","embeddable":true,"href":"https:\/\/www.radiopresidenteibanez.cl\/web\/wp-json\/wp\/v2\/tags?post=13209"}],"curies":[{"name":"wp","href":"https:\/\/api.w.org\/{rel}","templated":true}]}}