{"id":13205,"date":"2020-07-07T13:51:09","date_gmt":"2020-07-07T13:51:09","guid":{"rendered":"https:\/\/www.radiopresidenteibanez.cl\/web\/?p=13205"},"modified":"2020-07-07T13:51:13","modified_gmt":"2020-07-07T13:51:13","slug":"conaf-realizara-para-profesores-curso-on-line-de-educacion-ambiental-en-prevencion-de-incendios-forestales","status":"publish","type":"post","link":"https:\/\/www.radiopresidenteibanez.cl\/web\/conaf-realizara-para-profesores-curso-on-line-de-educacion-ambiental-en-prevencion-de-incendios-forestales\/","title":{"rendered":"CONAF REALIZAR\u00c1 PARA PROFESORES CURSO ON-LINE DE EDUCACI\u00d3N AMBIENTAL EN PREVENCI\u00d3N DE INCENDIOS FORESTALES"},"content":{"rendered":"\n<p>Profesores de la regi\u00f3n podr\u00e1n capacitarse en prevenci\u00f3n de incendios forestales a trav\u00e9s de un curso on line que realizar\u00e1 la Corporaci\u00f3n Nacional Forestal CONAF en Magallanes durante el mes de julio.<\/p>\n\n\n\n<p>\u201cEducaci\u00f3n ambiental en prevenci\u00f3n de incendios forestales\u201d se denomina el curso que consta de 5 m\u00f3dulos, los cuales se desarrollar\u00e1n durante 5 semanas a trav\u00e9s de una modalidad virtual aplicada por CONAF a trav\u00e9s de su Departamento de Protecci\u00f3n Contra Incendios Forestales DEPRIF.<\/p>\n\n\n\n<p>Adem\u00e1s de dar a conocer temas vinculados a la educaci\u00f3n ambiental y planteados en los planes curriculares del ministerio de Educaci\u00f3n, el curso incorpora temas de importancia actual como el cambio clim\u00e1tico y recursos h\u00eddricos, posibilitando que los y las docentes puedan incorporarlos de manera transversal a sus asignaturas.<\/p>\n\n\n\n<p>Como ejemplo, se aborda la planificaci\u00f3n de una clase, adem\u00e1s de hacer entrega al final del curso de la Gu\u00eda de Apoyo al docente, el cual cuenta con un libro por nivel (1\u00b0 a 6\u00b0 b\u00e1sico), con herramientas para concretar el objetivo de incorporar la educaci\u00f3n ambiental a las clases.<\/p>\n\n\n\n<p>Conceptos de la Educaci\u00f3n Ambiental en relaci\u00f3n al cambio clim\u00e1tico y recursos h\u00eddricos; comprender el origen de los incendios forestales y sus efectos en el entorno; c\u00f3mo ha evolucionado el concepto en s\u00ed; son algunos de los temas a abordar siempre desde un prisma formativo y anal\u00edtico.<\/p>\n\n\n\n<p>Si bien la fecha definitiva se encuentra en proceso de confirmaci\u00f3n, los docentes interesados pueden inscribirse enviando un correo a&nbsp;<a href=\"mailto:tatiana.romero@conaf.cl\">tatiana.romero@conaf.cl<\/a>, desde el cual se har\u00e1 llegar la fecha oficial de inicio, as\u00ed como de link de acceso al curso e inscripci\u00f3n en la plataforma.<\/p>\n","protected":false},"excerpt":{"rendered":"<p>Profesores de la regi\u00f3n podr\u00e1n capacitarse en prevenci\u00f3n de incendios forestales a trav\u00e9s de un curso on line que realizar\u00e1 la Corporaci\u00f3n Nacional Forestal CONAF en Magallanes durante el mes&#8230; <a class=\"read-more\" href=\"https:\/\/www.radiopresidenteibanez.cl\/web\/conaf-realizara-para-profesores-curso-on-line-de-educacion-ambiental-en-prevencion-de-incendios-forestales\/\">Leer m\u00e1s<\/a><\/p>\n","protected":false},"author":2,"featured_media":13206,"comment_status":"closed","ping_status":"closed","sticky":false,"template":"","format":"standard","meta":{"footnotes":""},"categories":[1],"tags":[],"class_list":["post-13205","post","type-post","status-publish","format-standard","has-post-thumbnail","hentry","category-cronica"],"_links":{"self":[{"href":"https:\/\/www.radiopresidenteibanez.cl\/web\/wp-json\/wp\/v2\/posts\/13205","targetHints":{"allow":["GET"]}}],"collection":[{"href":"https:\/\/www.radiopresidenteibanez.cl\/web\/wp-json\/wp\/v2\/posts"}],"about":[{"href":"https:\/\/www.radiopresidenteibanez.cl\/web\/wp-json\/wp\/v2\/types\/post"}],"author":[{"embeddable":true,"href":"https:\/\/www.radiopresidenteibanez.cl\/web\/wp-json\/wp\/v2\/users\/2"}],"replies":[{"embeddable":true,"href":"https:\/\/www.radiopresidenteibanez.cl\/web\/wp-json\/wp\/v2\/comments?post=13205"}],"version-history":[{"count":0,"href":"https:\/\/www.radiopresidenteibanez.cl\/web\/wp-json\/wp\/v2\/posts\/13205\/revisions"}],"wp:featuredmedia":[{"embeddable":true,"href":"https:\/\/www.radiopresidenteibanez.cl\/web\/wp-json\/wp\/v2\/media\/13206"}],"wp:attachment":[{"href":"https:\/\/www.radiopresidenteibanez.cl\/web\/wp-json\/wp\/v2\/media?parent=13205"}],"wp:term":[{"taxonomy":"category","embeddable":true,"href":"https:\/\/www.radiopresidenteibanez.cl\/web\/wp-json\/wp\/v2\/categories?post=13205"},{"taxonomy":"post_tag","embeddable":true,"href":"https:\/\/www.radiopresidenteibanez.cl\/web\/wp-json\/wp\/v2\/tags?post=13205"}],"curies":[{"name":"wp","href":"https:\/\/api.w.org\/{rel}","templated":true}]}}