{"id":13199,"date":"2020-07-07T13:18:19","date_gmt":"2020-07-07T13:18:19","guid":{"rendered":"https:\/\/www.radiopresidenteibanez.cl\/web\/?p=13199"},"modified":"2020-07-07T13:18:23","modified_gmt":"2020-07-07T13:18:23","slug":"un-centenar-de-participantes-dieron-vida-al-seminario-de-educacion-digital-organizado-por-cft-de-magallanes","status":"publish","type":"post","link":"https:\/\/www.radiopresidenteibanez.cl\/web\/un-centenar-de-participantes-dieron-vida-al-seminario-de-educacion-digital-organizado-por-cft-de-magallanes\/","title":{"rendered":"UN CENTENAR DE PARTICIPANTES DIERON VIDA AL SEMINARIO DE EDUCACI\u00d3N DIGITAL ORGANIZADO POR CFT DE MAGALLANES"},"content":{"rendered":"\n<p>\u201cOportunidades y Desaf\u00edos de la\nEducaci\u00f3n Digital en Magallanes\u201d se denomin\u00f3 el webinar realizado desde Punta\nArenas a trav\u00e9s de Youtube que cont\u00f3 con la participaci\u00f3n de autoridades, directivos\ny docentes de establecimientos educacionales de la regi\u00f3n quienes se dieron\ncita en este encuentro in\u00e9dito donde fue posible conocer casos que hacen uso de\ntecnolog\u00edas y metodolog\u00edas centradas en el estudiante.&nbsp; <\/p>\n\n\n\n<p>Raimundo Larra\u00edn Jefe de Divisi\u00f3n\nde Educaci\u00f3n General del Ministerio de Educaci\u00f3n al saludar a los presentes\nfelicit\u00f3 las innovaciones puestas en pr\u00e1ctica por los profesores de los\nescuelas y liceos de Magallanes que est\u00e1n dando continuidad al proceso\neducativo y ayudan a mantener el v\u00ednculo con los estudiantes en el contexto de\npandemia y donde el uso de las tecnolog\u00edas para la educaci\u00f3n entregan una\noportunidad para el trabajo colaborativo y la integraci\u00f3n &nbsp;de pr\u00e1cticas que est\u00e9n el servicio de los\naprendizajes y del bienestar socioemocional. <\/p>\n\n\n\n<p>Por su parte, Christian Quezada\nRector del Centro de Formaci\u00f3n T\u00e9cnica Estatal de Magallanes abord\u00f3 el desaf\u00edo\nde la educaci\u00f3n online como parte de las transformaciones culturales que se han\ninstalado a partir de los recientes fen\u00f3menos sociales y sanitarios y el\nobjetivo transversal de compartir experiencias y transformaciones en los\nprocesos de aprendizaje lo que \u201crequiere cambios en toda la institucionalidad\npara disminuir la brecha existente, desaf\u00edo que debemos enfrentar juntos para\nllegar m\u00e1s lejos\u201d.<\/p>\n\n\n\n<p>Desde la Universidad Aut\u00f3noma la\nDra. en Educaci\u00f3n Claudia Flores, miembro del proyecto curriculum XXI en su\nponencia present\u00f3 cuatro ejes para la transformaci\u00f3n digital y mejoras en la\neducaci\u00f3n: 1. democratizar las tecnolog\u00edas para las comunidades educativas, 2. implementaci\u00f3n\nde recursos y plataformas accesibles, 3. desarrollo de herramientas de\ncolaboraci\u00f3n en el aula y 4. generaci\u00f3n de experiencias que permitan la\ncreatividad.<\/p>\n\n\n\n<p><strong>Buenas pr\u00e1cticas en educaci\u00f3n digital <\/strong><\/p>\n\n\n\n<p>Como primera experiencia regional\npor el Instituto Sagrada Familia de Punta Arenas su directora Carmen\nMihovilovic y la docente Edita M\u00e1rquez compartieron\nlas innovaciones generadas en este reciente periodo enfatizando en la formaci\u00f3n\nvirtual integral de la estudiante utilizando a diarios las herramientas de\nGoogle Classroom para actividades asincr\u00f3nicas y Google Meet para encuentros\nsincr\u00f3nicos destacando las clases de ingl\u00e9s, clases de guitarra y visitas a\nmuseos interactivos. <\/p>\n\n\n\n<p>En segundo t\u00e9rmino correspondi\u00f3 la intervenci\u00f3n de Mar\u00eda\nPaz Monreal directora de Escuela Especial Nicol\u00e1s Mladinic Puerto Natales,\nestablecimiento que cuenta en sus aulas con alumnos entre 11 y 40 a\u00f1os y como a\npartir de la educaci\u00f3n en l\u00ednea han podido seguir trabajando bajos los sellos\nde autonom\u00eda e independencia, desarrollo de habilidades art\u00edsticas y cuidado\ndel medio ambiente. <\/p>\n\n\n\n<p>A continuaci\u00f3n realiz\u00f3 su exposici\u00f3n el C.E.I.A. Carlos Y\u00e1\u00f1ez Moya de Puerto Natales, donde su\ndirector Ren\u00e9 G\u00f3mez se\u00f1al\u00f3 como han aprovechado las herramientas virtuales para\ndar continuidad al proceso de formaci\u00f3n destacando la solidaridad entre la\ncomunidad educativa dado el alto \u00edndice de vulnerabilidad como\nocurre con este establecimiento de educaci\u00f3n para adultos. En la plataforma\nMoodle los estudiantes tienen acceso a las materias y en el desarrollo de una\naplicaci\u00f3n donde es posible acceder a servicios como video clases grabadas desde el\ntel\u00e9fono m\u00f3vil. Del mismo modo han sido\n\u00fatiles las redes sociales como el Facebook e Instagram,\nse\u00f1alaron los docentes.<\/p>\n\n\n\n<p>Para cerrar el ciclo de\npresentaciones, el &nbsp;director acad\u00e9mico del CFT Estatal de\nMagallanes, Pablo Balbont\u00edn explic\u00f3 como hoy en el Centro de Formaci\u00f3n T\u00e9cnica\nen su sede Porvenir luego de un exhaustivo diagn\u00f3stico\nest\u00e1n impartiendo en modalidad\n100% online las materias en las dos carreras considerando apoyo curricular y el\napoyo socio afectivo a los estudiantes por parte de tutores. Hoy el CFT ha optado\npor el uso de las plataformas Moodle, Youtube y Google\nSuite para actividades asincr\u00f3nicas y sincr\u00f3nicas. <\/p>\n\n\n\n<p>A modo de s\u00edntesis las experiencias presentadas en el\nWebinar fueron valoradas por Paola\nAscencio, jefa de la Unidad de Desarrollo&nbsp;\nVirtual de la Umag, quien las compar\u00f3 positivamente con otras pr\u00e1cticas\nque se est\u00e1n implementando en otros establecimientos de Chile y el Mundo.<\/p>\n","protected":false},"excerpt":{"rendered":"<p>\u201cOportunidades y Desaf\u00edos de la Educaci\u00f3n Digital en Magallanes\u201d se denomin\u00f3 el webinar realizado desde Punta Arenas a trav\u00e9s de Youtube que cont\u00f3 con la participaci\u00f3n de autoridades, directivos y&#8230; <a class=\"read-more\" href=\"https:\/\/www.radiopresidenteibanez.cl\/web\/un-centenar-de-participantes-dieron-vida-al-seminario-de-educacion-digital-organizado-por-cft-de-magallanes\/\">Leer m\u00e1s<\/a><\/p>\n","protected":false},"author":2,"featured_media":13200,"comment_status":"closed","ping_status":"closed","sticky":false,"template":"","format":"standard","meta":{"footnotes":""},"categories":[1],"tags":[],"class_list":["post-13199","post","type-post","status-publish","format-standard","has-post-thumbnail","hentry","category-cronica"],"_links":{"self":[{"href":"https:\/\/www.radiopresidenteibanez.cl\/web\/wp-json\/wp\/v2\/posts\/13199","targetHints":{"allow":["GET"]}}],"collection":[{"href":"https:\/\/www.radiopresidenteibanez.cl\/web\/wp-json\/wp\/v2\/posts"}],"about":[{"href":"https:\/\/www.radiopresidenteibanez.cl\/web\/wp-json\/wp\/v2\/types\/post"}],"author":[{"embeddable":true,"href":"https:\/\/www.radiopresidenteibanez.cl\/web\/wp-json\/wp\/v2\/users\/2"}],"replies":[{"embeddable":true,"href":"https:\/\/www.radiopresidenteibanez.cl\/web\/wp-json\/wp\/v2\/comments?post=13199"}],"version-history":[{"count":0,"href":"https:\/\/www.radiopresidenteibanez.cl\/web\/wp-json\/wp\/v2\/posts\/13199\/revisions"}],"wp:featuredmedia":[{"embeddable":true,"href":"https:\/\/www.radiopresidenteibanez.cl\/web\/wp-json\/wp\/v2\/media\/13200"}],"wp:attachment":[{"href":"https:\/\/www.radiopresidenteibanez.cl\/web\/wp-json\/wp\/v2\/media?parent=13199"}],"wp:term":[{"taxonomy":"category","embeddable":true,"href":"https:\/\/www.radiopresidenteibanez.cl\/web\/wp-json\/wp\/v2\/categories?post=13199"},{"taxonomy":"post_tag","embeddable":true,"href":"https:\/\/www.radiopresidenteibanez.cl\/web\/wp-json\/wp\/v2\/tags?post=13199"}],"curies":[{"name":"wp","href":"https:\/\/api.w.org\/{rel}","templated":true}]}}