{"id":13189,"date":"2020-07-06T18:20:06","date_gmt":"2020-07-06T18:20:06","guid":{"rendered":"https:\/\/www.radiopresidenteibanez.cl\/web\/?p=13189"},"modified":"2020-07-06T18:20:10","modified_gmt":"2020-07-06T18:20:10","slug":"covid-19-15-nuevos-casos-se-registraron-en-magallanes","status":"publish","type":"post","link":"https:\/\/www.radiopresidenteibanez.cl\/web\/covid-19-15-nuevos-casos-se-registraron-en-magallanes\/","title":{"rendered":"COVID-19: 15 NUEVOS CASOS SE REGISTRARON EN MAGALLANES"},"content":{"rendered":"\n<p>Durante horas de la ma\u00f1ana, las autoridades de salud, realizaron entrega del nuevo balance de Covid-19 en el pa\u00eds, en la ocasi\u00f3n se registraron 3.025 casos a nivel pa\u00eds llegando a un total de 298.557 y 76 nuevos fallecidos totalizando 6.308 decesos.<\/p>\n\n\n\n<p>Por su parte, en Magallanes, se registraron 15 nuevos casos alcanzo los 1501 casos de los cuales 108 se encuentran activos, por su parte los fallecidos las cifras son variadas pero seg\u00fan la tabla del MINSAL marca 15 fallecidos y a\u00fan no aparece las dos personas fallecidos hace algunas jornadas.<\/p>\n\n\n\n<p>A lo anterior, se suma los datos proporcionado por el informe  epidemiol\u00f3gico que indica que Magallanes tendr\u00eda 23 fallecidos confirmados y 35 bajo sospechas.<\/p>\n\n\n\n<p><\/p>\n\n\n\n<p>CHH. <\/p>\n","protected":false},"excerpt":{"rendered":"<p>Durante horas de la ma\u00f1ana, las autoridades de salud, realizaron entrega del nuevo balance de Covid-19 en el pa\u00eds, en la ocasi\u00f3n se registraron 3.025 casos a nivel pa\u00eds llegando&#8230; <a class=\"read-more\" href=\"https:\/\/www.radiopresidenteibanez.cl\/web\/covid-19-15-nuevos-casos-se-registraron-en-magallanes\/\">Leer m\u00e1s<\/a><\/p>\n","protected":false},"author":2,"featured_media":10325,"comment_status":"closed","ping_status":"closed","sticky":false,"template":"","format":"standard","meta":{"footnotes":""},"categories":[1],"tags":[],"class_list":["post-13189","post","type-post","status-publish","format-standard","has-post-thumbnail","hentry","category-cronica"],"_links":{"self":[{"href":"https:\/\/www.radiopresidenteibanez.cl\/web\/wp-json\/wp\/v2\/posts\/13189","targetHints":{"allow":["GET"]}}],"collection":[{"href":"https:\/\/www.radiopresidenteibanez.cl\/web\/wp-json\/wp\/v2\/posts"}],"about":[{"href":"https:\/\/www.radiopresidenteibanez.cl\/web\/wp-json\/wp\/v2\/types\/post"}],"author":[{"embeddable":true,"href":"https:\/\/www.radiopresidenteibanez.cl\/web\/wp-json\/wp\/v2\/users\/2"}],"replies":[{"embeddable":true,"href":"https:\/\/www.radiopresidenteibanez.cl\/web\/wp-json\/wp\/v2\/comments?post=13189"}],"version-history":[{"count":0,"href":"https:\/\/www.radiopresidenteibanez.cl\/web\/wp-json\/wp\/v2\/posts\/13189\/revisions"}],"wp:featuredmedia":[{"embeddable":true,"href":"https:\/\/www.radiopresidenteibanez.cl\/web\/wp-json\/wp\/v2\/media\/10325"}],"wp:attachment":[{"href":"https:\/\/www.radiopresidenteibanez.cl\/web\/wp-json\/wp\/v2\/media?parent=13189"}],"wp:term":[{"taxonomy":"category","embeddable":true,"href":"https:\/\/www.radiopresidenteibanez.cl\/web\/wp-json\/wp\/v2\/categories?post=13189"},{"taxonomy":"post_tag","embeddable":true,"href":"https:\/\/www.radiopresidenteibanez.cl\/web\/wp-json\/wp\/v2\/tags?post=13189"}],"curies":[{"name":"wp","href":"https:\/\/api.w.org\/{rel}","templated":true}]}}