{"id":13187,"date":"2020-07-06T18:09:59","date_gmt":"2020-07-06T18:09:59","guid":{"rendered":"https:\/\/www.radiopresidenteibanez.cl\/web\/?p=13187"},"modified":"2020-07-06T18:10:03","modified_gmt":"2020-07-06T18:10:03","slug":"con-369-ingresos-en-la-region-ss-magallanes-traspaso-estrategia-de-residencia-sanitaria-a-seremi-de-salud","status":"publish","type":"post","link":"https:\/\/www.radiopresidenteibanez.cl\/web\/con-369-ingresos-en-la-region-ss-magallanes-traspaso-estrategia-de-residencia-sanitaria-a-seremi-de-salud\/","title":{"rendered":"CON 369 INGRESOS EN LA REGI\u00d3N SS MAGALLANES TRASPAS\u00d3 ESTRATEGIA DE RESIDENCIA SANITARIA A SEREMI DE SALUD"},"content":{"rendered":"\n<p>A contar del 01 de julio y dando cumplimiento a la Resoluci\u00f3n\nExenta N\u00ba479 del Ministerio de Salud, el Servicio de Salud Magallanes concret\u00f3\nel traspaso a la Seremi de Salud de la estrategia Residencia Sanitaria\nimplementada en la regi\u00f3n, con dispositivos implementados en las comunas de\nPunta Arenas, Puerto Natales, Porvenir y Puerto Williams.<\/p>\n\n\n\n<p>La entrega, que involucr\u00f3 el traspaso administrativo,\noperacional y jur\u00eddico desde el Servicio hacia la SEREMI de Salud, considera un\nacompa\u00f1amiento directo, a fin materializar de forma coordinada y ordenada el\ntraspaso de los distintos establecimientos en convenio y, de su personal cl\u00ednico\na cargo. <\/p>\n\n\n\n<p>\u201cEfectivamente el pasado 30 de junio fue nuestro \u00faltimo\nd\u00eda como administradores de esta estrategia en la regi\u00f3n, siendo traspasada la gesti\u00f3n\na contar del d\u00eda 01 de julio a la SEREMI de Salud, en virtud de la instrucci\u00f3n y\ndecreto del nivel central; no obstante, los acompa\u00f1aremos en un proceso de\nmarcha blanca operativa de su gesti\u00f3n, considerando que todo se debe realizar\nde la mejor forma para una \u00f3ptima estad\u00eda de los residentes\u201d, indic\u00f3 Nelson\nReyes, director del Servicio de Salud Magallanes. <\/p>\n\n\n\n<p>Agregando la autoridad de salud que, \u201cse hace\nnecesario realizar un reconocimiento a todos los equipos gerenciales y colaboradores\nde los establecimientos hoteleros que se han sumado a esta estrategia, porque m\u00e1s\nall\u00e1 de facilitar un espacio f\u00edsico, est\u00e1n aportando a la salud p\u00fablica de la regi\u00f3n\npor medio de la contenci\u00f3n del virus\u201d, puntualiz\u00f3 el Nelson Reyes.<\/p>\n\n\n\n<p>La estrategia, implementada el pasado mes de marzo\nen la regi\u00f3n, registr\u00f3 sus primeros tres ingresos el d\u00eda 26 del mencionado mes\nen la ciudad de Punta Arenas, sum\u00e1ndose en fechas posteriores residentes en los\ndispositivos de las restantes capitales provinciales.<\/p>\n\n\n\n<p>En total, seg\u00fan informaci\u00f3n proporcionada por la\nSubdirectora de Atenci\u00f3n Primaria del Servicio, Klg. Ver\u00f3nica Y\u00e1\u00f1ez, los\ningresos registrados en el periodo de gesti\u00f3n del Servicio, sumaron en total\n369 con 275 egresos. \u201cDurante nuestra administraci\u00f3n el mayor n\u00famero de residentes,\nlo registramos en la ciudad de Punta Arenas con 282 personas, de las cuales al\n30 de junio egresaron 234 y siendo precisamente junio el mes con mayores\ningresos debido a la modificaci\u00f3n de protocolo de acceso, sum\u00e1ndose los casos\nestrechos\u201d, indic\u00f3 la subdirectora.<\/p>\n\n\n\n<p>Se\u00f1alando, adem\u00e1s que en Magallanes la estrategia\nregistr\u00f3 11 ingresos de menores de edad con a lo menos uno de sus progenitores\ny 61 personas migrantes.<\/p>\n\n\n\n<p>De igual forma, la subdirectora destac\u00f3 que, \u201cpara\nel traspaso se han realizado variadas reuniones entre los equipos t\u00e9cnicos de\nambos organismos, a fin de otorgar mayor fluidez al proceso, considerando la\nentrega de documentaci\u00f3n, protocolos y t\u00e9rmino de v\u00ednculos contractuales con\nestablecimientos y funcionarios contratados previamente por el Servicio, a fin\nde que, desde la SEREMI de Salud, se puedan gestionar las contrataciones que se\nestimen pertinentes y dar continuidad a todos los procesos que nosotros\nhab\u00edamos iniciado\u201d, acot\u00f3 Ver\u00f3nica Y\u00e1\u00f1ez.<\/p>\n\n\n\n<p>Recordar que, las Residencias Sanitarias deben ser\nentendidas como una extensi\u00f3n del domicilio del residente y obedecen a una\nmedida sanitaria tendiente a disminuir la propagaci\u00f3n del virus en la\ncomunidad, mediante el servicio de hospedaje, alimentaci\u00f3n y cuidados m\u00e9dicos\nnecesarios para una cuarentena efectiva. <\/p>\n\n\n\n<p>Si necesita mayores antecedentes debe llamar al\nfono Residencias 800 726 666 o visitar la p\u00e1gina web <a href=\"https:\/\/www.minsal.cl\/residencias-sanitarias\/\">https:\/\/www.minsal.cl\/residencias-sanitarias\/<\/a>\n<\/p>\n","protected":false},"excerpt":{"rendered":"<p>A contar del 01 de julio y dando cumplimiento a la Resoluci\u00f3n Exenta N\u00ba479 del Ministerio de Salud, el Servicio de Salud Magallanes concret\u00f3 el traspaso a la Seremi de&#8230; <a class=\"read-more\" href=\"https:\/\/www.radiopresidenteibanez.cl\/web\/con-369-ingresos-en-la-region-ss-magallanes-traspaso-estrategia-de-residencia-sanitaria-a-seremi-de-salud\/\">Leer m\u00e1s<\/a><\/p>\n","protected":false},"author":2,"featured_media":958,"comment_status":"closed","ping_status":"closed","sticky":false,"template":"","format":"standard","meta":{"footnotes":""},"categories":[1],"tags":[],"class_list":["post-13187","post","type-post","status-publish","format-standard","has-post-thumbnail","hentry","category-cronica"],"_links":{"self":[{"href":"https:\/\/www.radiopresidenteibanez.cl\/web\/wp-json\/wp\/v2\/posts\/13187","targetHints":{"allow":["GET"]}}],"collection":[{"href":"https:\/\/www.radiopresidenteibanez.cl\/web\/wp-json\/wp\/v2\/posts"}],"about":[{"href":"https:\/\/www.radiopresidenteibanez.cl\/web\/wp-json\/wp\/v2\/types\/post"}],"author":[{"embeddable":true,"href":"https:\/\/www.radiopresidenteibanez.cl\/web\/wp-json\/wp\/v2\/users\/2"}],"replies":[{"embeddable":true,"href":"https:\/\/www.radiopresidenteibanez.cl\/web\/wp-json\/wp\/v2\/comments?post=13187"}],"version-history":[{"count":0,"href":"https:\/\/www.radiopresidenteibanez.cl\/web\/wp-json\/wp\/v2\/posts\/13187\/revisions"}],"wp:featuredmedia":[{"embeddable":true,"href":"https:\/\/www.radiopresidenteibanez.cl\/web\/wp-json\/wp\/v2\/media\/958"}],"wp:attachment":[{"href":"https:\/\/www.radiopresidenteibanez.cl\/web\/wp-json\/wp\/v2\/media?parent=13187"}],"wp:term":[{"taxonomy":"category","embeddable":true,"href":"https:\/\/www.radiopresidenteibanez.cl\/web\/wp-json\/wp\/v2\/categories?post=13187"},{"taxonomy":"post_tag","embeddable":true,"href":"https:\/\/www.radiopresidenteibanez.cl\/web\/wp-json\/wp\/v2\/tags?post=13187"}],"curies":[{"name":"wp","href":"https:\/\/api.w.org\/{rel}","templated":true}]}}