{"id":13184,"date":"2020-07-06T18:08:09","date_gmt":"2020-07-06T18:08:09","guid":{"rendered":"https:\/\/www.radiopresidenteibanez.cl\/web\/?p=13184"},"modified":"2020-07-06T18:08:13","modified_gmt":"2020-07-06T18:08:13","slug":"autoridad-laboral-intensifica-fiscalizaciones-para-cumplimiento-de-medidas-por-covid-19","status":"publish","type":"post","link":"https:\/\/www.radiopresidenteibanez.cl\/web\/autoridad-laboral-intensifica-fiscalizaciones-para-cumplimiento-de-medidas-por-covid-19\/","title":{"rendered":"AUTORIDAD LABORAL INTENSIFICA FISCALIZACIONES PARA CUMPLIMIENTO DE MEDIDAS POR COVID-19"},"content":{"rendered":"\n<p>A partir de los efectos negativos que\nha dejado la pandemia por Covid-19, la Direcci\u00f3n regional del Trabajo, en\nconjunto con la Seremi del ramo, ha intensificado las labores de fiscalizaci\u00f3n\npara reforzar el cumplimiento de los protocolos exigidos para resguardo de los\ntrabajadores.<\/p>\n\n\n\n<p>Es as\u00ed que, durante la semana, la\nSeremi del Trabajo, Victoria Cort\u00e9s Schiattino, se sum\u00f3 al programa de\nfiscalizaci\u00f3n de bodegas, para la revisi\u00f3n de medidas de protecci\u00f3n Covid-19,\nentre otros aspectos que buscan resguardar la salud y seguridad de los\ntrabajadores.<\/p>\n\n\n\n<p>\u201cEfectivamente, esta semana fuimos\nparte de una nueva fiscalizaci\u00f3n efectuada en las bodegas de diferentes\nempresas y distribuidoras locales, en las que reforzamos con los empleadores y\ntrabajadores presentes las medidas que deben primar y permanecer para evitar la\npropagaci\u00f3n del covid-19 en estos lugares de trabajo. En ella pudimos constatar\nel uso de elementos de protecci\u00f3n personal, la distancia social, medidas de higiene\ny prevenci\u00f3n, entre otras\u201d, explic\u00f3 la secretaria regional.<\/p>\n\n\n\n<p>En compa\u00f1\u00eda del director regional del\nTrabajo, Carlo Gorziglia, y un equipo de la Inspecci\u00f3n provincial del Trabajo,\nadem\u00e1s de las medidas Covid-19, se constataron materias como: entrega de\ninformaci\u00f3n a los trabajadores sobre riesgos laborales, registro de asistencia\ny jornada laboral, descansos, se\u00f1al\u00e9ticas de prevenci\u00f3n de accidentes, entre\nlas principales.<\/p>\n\n\n\n<p>\u201cSeg\u00fan la informaci\u00f3n entregada por la\nDirecci\u00f3n del Trabajo, entre marzo y el 21 de junio pasado, se han ejecutado un\ntotal de 426 fiscalizaciones en las diferentes localidades de la regi\u00f3n,\nmayoritariamente concentradas en las comunas de Punta Arenas y Puerto Natales,\nlas cuales resultaron con 219 materias sancionadas\u201d, agreg\u00f3 la Seremi.<\/p>\n\n\n\n<p>Entre las materias con mayor cantidad\nde sanciones se encuentran: No informar a los trabajadores acerca de los\nriesgos laborales, falta de documentaci\u00f3n necesaria a la hora de fiscalizar,\ncarencia de registro de asistencias y horas de trabajo, no otorgamiento de\ndescansos, entre otras.<\/p>\n\n\n\n<p>\u201cLa Direcci\u00f3n del Trabajo a nivel\nlocal cuenta con varios programas de fiscalizaci\u00f3n a las que se suman las\nfiscalizaciones que se realizan por denuncias, por lo cual, atendiendo a la\ncrisis sanitaria que estamos viviendo y a la necesidad de hacer cumplir las\nmedidas de protecci\u00f3n de los trabajadores, intensificamos estas visitas con\nmiras a comprobar el cumplimiento de los protocolos y las medidas establecidas\npor la autoridad sanitaria. El objetivo es que todos los trabajadores cuenten\ncon las condiciones necesarias para desarrollar su trabajo de manera 100%\nsegura\u201d, concluy\u00f3 la autoridad.<\/p>\n","protected":false},"excerpt":{"rendered":"<p>A partir de los efectos negativos que ha dejado la pandemia por Covid-19, la Direcci\u00f3n regional del Trabajo, en conjunto con la Seremi del ramo, ha intensificado las labores de&#8230; <a class=\"read-more\" href=\"https:\/\/www.radiopresidenteibanez.cl\/web\/autoridad-laboral-intensifica-fiscalizaciones-para-cumplimiento-de-medidas-por-covid-19\/\">Leer m\u00e1s<\/a><\/p>\n","protected":false},"author":2,"featured_media":13185,"comment_status":"closed","ping_status":"closed","sticky":false,"template":"","format":"standard","meta":{"footnotes":""},"categories":[1],"tags":[],"class_list":["post-13184","post","type-post","status-publish","format-standard","has-post-thumbnail","hentry","category-cronica"],"_links":{"self":[{"href":"https:\/\/www.radiopresidenteibanez.cl\/web\/wp-json\/wp\/v2\/posts\/13184","targetHints":{"allow":["GET"]}}],"collection":[{"href":"https:\/\/www.radiopresidenteibanez.cl\/web\/wp-json\/wp\/v2\/posts"}],"about":[{"href":"https:\/\/www.radiopresidenteibanez.cl\/web\/wp-json\/wp\/v2\/types\/post"}],"author":[{"embeddable":true,"href":"https:\/\/www.radiopresidenteibanez.cl\/web\/wp-json\/wp\/v2\/users\/2"}],"replies":[{"embeddable":true,"href":"https:\/\/www.radiopresidenteibanez.cl\/web\/wp-json\/wp\/v2\/comments?post=13184"}],"version-history":[{"count":0,"href":"https:\/\/www.radiopresidenteibanez.cl\/web\/wp-json\/wp\/v2\/posts\/13184\/revisions"}],"wp:featuredmedia":[{"embeddable":true,"href":"https:\/\/www.radiopresidenteibanez.cl\/web\/wp-json\/wp\/v2\/media\/13185"}],"wp:attachment":[{"href":"https:\/\/www.radiopresidenteibanez.cl\/web\/wp-json\/wp\/v2\/media?parent=13184"}],"wp:term":[{"taxonomy":"category","embeddable":true,"href":"https:\/\/www.radiopresidenteibanez.cl\/web\/wp-json\/wp\/v2\/categories?post=13184"},{"taxonomy":"post_tag","embeddable":true,"href":"https:\/\/www.radiopresidenteibanez.cl\/web\/wp-json\/wp\/v2\/tags?post=13184"}],"curies":[{"name":"wp","href":"https:\/\/api.w.org\/{rel}","templated":true}]}}