{"id":13181,"date":"2020-07-06T18:05:47","date_gmt":"2020-07-06T18:05:47","guid":{"rendered":"https:\/\/www.radiopresidenteibanez.cl\/web\/?p=13181"},"modified":"2020-07-06T18:05:51","modified_gmt":"2020-07-06T18:05:51","slug":"alcaldes-de-magallanes-preocupados-por-una-posible-disminucion-del-presupuesto-regional-para-el-plan-especial-de-zona-extrema","status":"publish","type":"post","link":"https:\/\/www.radiopresidenteibanez.cl\/web\/alcaldes-de-magallanes-preocupados-por-una-posible-disminucion-del-presupuesto-regional-para-el-plan-especial-de-zona-extrema\/","title":{"rendered":"ALCALDES DE MAGALLANES PREOCUPADOS POR UNA POSIBLE DISMINUCI\u00d3N DEL PRESUPUESTO REGIONAL PARA EL PLAN ESPECIAL DE ZONA EXTREMA"},"content":{"rendered":"\n<p>Durante esta ma\u00f1ana, el edil de Natales y presidente\nde la Asociaci\u00f3nRegional de\nMunicipalidades de Magallanes (AMUMAG), comparti\u00f3 la preocupaci\u00f3n de los\nConsejeros Regionales de Magallanes al enterarse de que el gobierno est\u00e1\npensando en la posibilidad de reducir el presupuesto de Magallanes para el a\u00f1o\n2021, espec\u00edficamente en el \u00edtem del Plan Especial de Zona Extrema (PEDZE).<\/p>\n\n\n\n<p>El presidente de AMUMAG, Fernando Paredes Mansilla,\nplante\u00f3 su posici\u00f3n como asociaci\u00f3n dejando claro en primer t\u00e9rmino que&nbsp; \u201cNo es posible que se est\u00e9 pensando en la\nposibilidad de que en el a\u00f1o 2021 el presupuesto de Magallanes se vea\ndisminuido\u201d.<\/p>\n\n\n\n<p>Asimismo, frente a la situaci\u00f3n de crisis que enfrenta\ncada una de las regiones, el edil se\u00f1al\u00f3 que \u201cel gobierno deber\u00eda incluso en\nuna situaci\u00f3n tan dif\u00edcil que est\u00e1 viviendo nuestra regi\u00f3n de Magallanes; los\npresupuestos tienen que tener una tendencia al alza. Yo pensar\u00eda que aqu\u00ed tiene\nque haber un fortalecimiento de los presupuestos m\u00e1s que pensar en una rebaja\u201d.<\/p>\n\n\n\n<p>Frente a su preocupaci\u00f3n, el alcalde de Natales,\nrealiz\u00f3 un llamado al Gobierno. \u201cHago un llamado al Gobierno y principalmente\nal Intendente regional de Magallanes&nbsp; a\nque ejerza toda las acciones posibles de modo tal, de tener claridad en el m\u00e1s\nbreve plazo posible, porque aqu\u00ed se est\u00e1 proyectando la planificaci\u00f3n del\ndesarrollo de nuestra regi\u00f3n para el pr\u00f3ximo a\u00f1o\u201d.<\/p>\n\n\n\n<p>Finalmente, la autoridad comunal en representaci\u00f3n de\nAMUMAG, se\u00f1al\u00f3 que no es posible estar en una incertidumbre&nbsp; y pensando en que los presupuestos se van a\nrebajar, ya que si estamos pensando en reactivar la econom\u00eda de Magallanes se\ndeben aumentar los presupuestos e incentivar la ejecuci\u00f3n de obras que den paso\na la generaci\u00f3n de empleo y activaci\u00f3n regional.<\/p>\n","protected":false},"excerpt":{"rendered":"<p>Durante esta ma\u00f1ana, el edil de Natales y presidente de la Asociaci\u00f3nRegional de Municipalidades de Magallanes (AMUMAG), comparti\u00f3 la preocupaci\u00f3n de los Consejeros Regionales de Magallanes al enterarse de que&#8230; <a class=\"read-more\" href=\"https:\/\/www.radiopresidenteibanez.cl\/web\/alcaldes-de-magallanes-preocupados-por-una-posible-disminucion-del-presupuesto-regional-para-el-plan-especial-de-zona-extrema\/\">Leer m\u00e1s<\/a><\/p>\n","protected":false},"author":2,"featured_media":13182,"comment_status":"closed","ping_status":"closed","sticky":false,"template":"","format":"standard","meta":{"footnotes":""},"categories":[1],"tags":[],"class_list":["post-13181","post","type-post","status-publish","format-standard","has-post-thumbnail","hentry","category-cronica"],"_links":{"self":[{"href":"https:\/\/www.radiopresidenteibanez.cl\/web\/wp-json\/wp\/v2\/posts\/13181","targetHints":{"allow":["GET"]}}],"collection":[{"href":"https:\/\/www.radiopresidenteibanez.cl\/web\/wp-json\/wp\/v2\/posts"}],"about":[{"href":"https:\/\/www.radiopresidenteibanez.cl\/web\/wp-json\/wp\/v2\/types\/post"}],"author":[{"embeddable":true,"href":"https:\/\/www.radiopresidenteibanez.cl\/web\/wp-json\/wp\/v2\/users\/2"}],"replies":[{"embeddable":true,"href":"https:\/\/www.radiopresidenteibanez.cl\/web\/wp-json\/wp\/v2\/comments?post=13181"}],"version-history":[{"count":0,"href":"https:\/\/www.radiopresidenteibanez.cl\/web\/wp-json\/wp\/v2\/posts\/13181\/revisions"}],"wp:featuredmedia":[{"embeddable":true,"href":"https:\/\/www.radiopresidenteibanez.cl\/web\/wp-json\/wp\/v2\/media\/13182"}],"wp:attachment":[{"href":"https:\/\/www.radiopresidenteibanez.cl\/web\/wp-json\/wp\/v2\/media?parent=13181"}],"wp:term":[{"taxonomy":"category","embeddable":true,"href":"https:\/\/www.radiopresidenteibanez.cl\/web\/wp-json\/wp\/v2\/categories?post=13181"},{"taxonomy":"post_tag","embeddable":true,"href":"https:\/\/www.radiopresidenteibanez.cl\/web\/wp-json\/wp\/v2\/tags?post=13181"}],"curies":[{"name":"wp","href":"https:\/\/api.w.org\/{rel}","templated":true}]}}