{"id":13178,"date":"2020-07-06T14:55:59","date_gmt":"2020-07-06T14:55:59","guid":{"rendered":"https:\/\/www.radiopresidenteibanez.cl\/web\/?p=13178"},"modified":"2020-07-06T14:56:03","modified_gmt":"2020-07-06T14:56:03","slug":"concejales-solicitan-al-alcalde-postergar-la-tala-de-los-arboles-buscan-generar-una-propuesta-con-alternativas-paralelas","status":"publish","type":"post","link":"https:\/\/www.radiopresidenteibanez.cl\/web\/concejales-solicitan-al-alcalde-postergar-la-tala-de-los-arboles-buscan-generar-una-propuesta-con-alternativas-paralelas\/","title":{"rendered":"CONCEJALES SOLICITAN AL ALCALDE POSTERGAR LA TALA DE LOS \u00c1RBOLES, BUSCAN GENERAR UNA PROPUESTA CON ALTERNATIVAS PARALELAS"},"content":{"rendered":"\n<p>Sorpresivo,\nfue para la mayor\u00eda de los concejales que el alcalde en concejo anunciara que\ntala de \u00e1rboles era inminente y que ya hab\u00eda fecha para ello, este informe\nnunca pas\u00f3 por comisi\u00f3n, y tampoco la decisi\u00f3n o la posibilidad de conversar y\nacordar otras alternativas, se\u00f1al\u00f3 la presidenta de la comisi\u00f3n de medio\nambiente, Ver\u00f3nica Aguilar. <\/p>\n\n\n\n<p>R\u00e1pidamente\nse hizo una primera comisi\u00f3n con los entes t\u00e9cnicos y tambi\u00e9n la sociedad\ncivil, en donde se conoci\u00f3 el informe, luego una visita a terreno que se llev\u00f3\na cabo el pasado s\u00e1bado, en donde las agrupaciones presentes se comprometieron\na en un plazo de 10 d\u00edas poder entregar propuestas que permitan&nbsp; desarrollar un proyecto para que sea\npresentado al alcalde, una iniciativa que sea consensuada y que provoque el menor\nda\u00f1o posible, que resguarde nuestro patrimonio y que avancemos en un plan de\nmanejo sustentable, para que el municipio a trav\u00e9s de la unidad de medio\nambiente, proteja y cuide los \u00e1rboles de nuestra ciudad.<\/p>\n\n\n\n<p>La\nmayor\u00eda de los concejales firmaron el correo que ese mismo s\u00e1bado fue enviado\nal alcalde, \u201cahora estamos a la espera de la respuesta (del alcalde), esperemos\nque acepte esta pr\u00f3rroga y nos permita consensuar una iniciativa, entendemos\nque la situaci\u00f3n es compleja, pero creo que esto se debi\u00f3 haber conversado\npreviamente, porque creemos que, si existen otras alternativas, que resguarden\nnuestro patrimonio, que protejan nuestro medio ambiente\u201d, dijo la concejala\nAguilar.<\/p>\n","protected":false},"excerpt":{"rendered":"<p>Sorpresivo, fue para la mayor\u00eda de los concejales que el alcalde en concejo anunciara que tala de \u00e1rboles era inminente y que ya hab\u00eda fecha para ello, este informe nunca&#8230; <a class=\"read-more\" href=\"https:\/\/www.radiopresidenteibanez.cl\/web\/concejales-solicitan-al-alcalde-postergar-la-tala-de-los-arboles-buscan-generar-una-propuesta-con-alternativas-paralelas\/\">Leer m\u00e1s<\/a><\/p>\n","protected":false},"author":2,"featured_media":13169,"comment_status":"closed","ping_status":"closed","sticky":false,"template":"","format":"standard","meta":{"footnotes":""},"categories":[1],"tags":[],"class_list":["post-13178","post","type-post","status-publish","format-standard","has-post-thumbnail","hentry","category-cronica"],"_links":{"self":[{"href":"https:\/\/www.radiopresidenteibanez.cl\/web\/wp-json\/wp\/v2\/posts\/13178","targetHints":{"allow":["GET"]}}],"collection":[{"href":"https:\/\/www.radiopresidenteibanez.cl\/web\/wp-json\/wp\/v2\/posts"}],"about":[{"href":"https:\/\/www.radiopresidenteibanez.cl\/web\/wp-json\/wp\/v2\/types\/post"}],"author":[{"embeddable":true,"href":"https:\/\/www.radiopresidenteibanez.cl\/web\/wp-json\/wp\/v2\/users\/2"}],"replies":[{"embeddable":true,"href":"https:\/\/www.radiopresidenteibanez.cl\/web\/wp-json\/wp\/v2\/comments?post=13178"}],"version-history":[{"count":0,"href":"https:\/\/www.radiopresidenteibanez.cl\/web\/wp-json\/wp\/v2\/posts\/13178\/revisions"}],"wp:featuredmedia":[{"embeddable":true,"href":"https:\/\/www.radiopresidenteibanez.cl\/web\/wp-json\/wp\/v2\/media\/13169"}],"wp:attachment":[{"href":"https:\/\/www.radiopresidenteibanez.cl\/web\/wp-json\/wp\/v2\/media?parent=13178"}],"wp:term":[{"taxonomy":"category","embeddable":true,"href":"https:\/\/www.radiopresidenteibanez.cl\/web\/wp-json\/wp\/v2\/categories?post=13178"},{"taxonomy":"post_tag","embeddable":true,"href":"https:\/\/www.radiopresidenteibanez.cl\/web\/wp-json\/wp\/v2\/tags?post=13178"}],"curies":[{"name":"wp","href":"https:\/\/api.w.org\/{rel}","templated":true}]}}