{"id":13171,"date":"2020-07-06T13:25:09","date_gmt":"2020-07-06T13:25:09","guid":{"rendered":"https:\/\/www.radiopresidenteibanez.cl\/web\/?p=13171"},"modified":"2020-07-06T13:25:13","modified_gmt":"2020-07-06T13:25:13","slug":"gestiones-de-senadora-goic-permitieron-acuerdo-con-el-gobierno-para-garantizar-licencia-posnatal-parental-covid-19-que-beneficiara-a-miles-de-trabajadoras","status":"publish","type":"post","link":"https:\/\/www.radiopresidenteibanez.cl\/web\/gestiones-de-senadora-goic-permitieron-acuerdo-con-el-gobierno-para-garantizar-licencia-posnatal-parental-covid-19-que-beneficiara-a-miles-de-trabajadoras\/","title":{"rendered":"GESTIONES DE SENADORA GOIC PERMITIERON ACUERDO CON EL GOBIERNO PARA GARANTIZAR LICENCIA POSNATAL PARENTAL COVID-19 QUE BENEFICIAR\u00c1 A MILES DE TRABAJADORAS"},"content":{"rendered":"\n<p>&nbsp;\u201cHemos\nlogrado un acuerdo con financiamiento que le da certeza a las madres para\nquedarse en casa al cuidando de sus hijos e hijas\u201d, con esas palabras la\nsenadora magall\u00e1nica celebr\u00f3 este viernes que finalmente el Gobierno se abriera a solucionar el conflicto\npor el posnatal de emergencia, tras aceptar la propuesta que semanas atr\u00e1s\nhab\u00eda formulado la parlamentaria, que garantiza una licencia Covid Parental\npara todas las madres trabajadoras a quienes se les haya terminado su post\nnatal a partir del 18 de marzo y hasta que termine el estado de excepci\u00f3n.<\/p>\n\n\n\n<p>En una conferencia por zoom la ministra del Trabajo, Mar\u00eda Jos\u00e9 Zald\u00edvar,\njunto a las y los senadores de la comisi\u00f3n del Trabajo, que integra Goic,\nsellaron el acuerdo que consiste en que durante tres meses las madres podr\u00e1n\ncontar con esta licencia preventiva Covid post natal, con el mismo monto de\npago que recib\u00edan v\u00eda subsidio post natal. Una licencia que ser\u00e1 de f\u00e1cil\ntramitaci\u00f3n y que no podr\u00e1 ser rechazada. <\/p>\n\n\n\n<p>\u201cEsta es una muy buena noticia para las mujeres que viv\u00edan la angustia de\nno tener alternativa para cuidado de sus hijos e hijas y estaban terminando su\npost natal, valoro que el gobierno respaldara la propuesta que le hicimos,\nporque eso significa que tenemos el financiamiento garantizado para que las\nmadres reciban el pago, a diferencia de lo que pasaba con el posta natal de\nemergencia que era un proyecto sin recursos. A las mujeres en estos casos\ntambi\u00e9n se les extender\u00e1 el fuero maternal por los mismos tres meses,\nprotegi\u00e9ndolas de posibles despidos\u201d explic\u00f3 la senadora. <\/p>\n\n\n\n<p>En concreto esta tercera v\u00eda operar\u00eda al igual que otras licencias que ya\nse est\u00e1n aplicando en el \u00e1mbito de la pandemia, como las que se otorgan a casos\nconfirmados o casos sospechosos. &nbsp;\u201cEl financiamiento de la licencia depender\u00e1 del\nseguro al que est\u00e1 afiliada la persona, ya sea Fonasa o Isapre. En el caso de\nFonasa implicar\u00e1 gasto fiscal, pero que operar\u00e1 de manera transitoria y en el\ncaso de las Isapres, es de toda justicia que se pongan a la altura de la\nsituaci\u00f3n y asuman el costo pensando en sus afiliados, sobre todo las mujeres\nque han sido sistem\u00e1ticamente discriminadas &nbsp;con planes muchos mas caros por estar en edad\nf\u00e9rtil\u201d, explic\u00f3 Goic.<\/p>\n","protected":false},"excerpt":{"rendered":"<p>&nbsp;\u201cHemos logrado un acuerdo con financiamiento que le da certeza a las madres para quedarse en casa al cuidando de sus hijos e hijas\u201d, con esas palabras la senadora magall\u00e1nica&#8230; <a class=\"read-more\" href=\"https:\/\/www.radiopresidenteibanez.cl\/web\/gestiones-de-senadora-goic-permitieron-acuerdo-con-el-gobierno-para-garantizar-licencia-posnatal-parental-covid-19-que-beneficiara-a-miles-de-trabajadoras\/\">Leer m\u00e1s<\/a><\/p>\n","protected":false},"author":2,"featured_media":3734,"comment_status":"closed","ping_status":"closed","sticky":false,"template":"","format":"standard","meta":{"footnotes":""},"categories":[1],"tags":[],"class_list":["post-13171","post","type-post","status-publish","format-standard","has-post-thumbnail","hentry","category-cronica"],"_links":{"self":[{"href":"https:\/\/www.radiopresidenteibanez.cl\/web\/wp-json\/wp\/v2\/posts\/13171","targetHints":{"allow":["GET"]}}],"collection":[{"href":"https:\/\/www.radiopresidenteibanez.cl\/web\/wp-json\/wp\/v2\/posts"}],"about":[{"href":"https:\/\/www.radiopresidenteibanez.cl\/web\/wp-json\/wp\/v2\/types\/post"}],"author":[{"embeddable":true,"href":"https:\/\/www.radiopresidenteibanez.cl\/web\/wp-json\/wp\/v2\/users\/2"}],"replies":[{"embeddable":true,"href":"https:\/\/www.radiopresidenteibanez.cl\/web\/wp-json\/wp\/v2\/comments?post=13171"}],"version-history":[{"count":0,"href":"https:\/\/www.radiopresidenteibanez.cl\/web\/wp-json\/wp\/v2\/posts\/13171\/revisions"}],"wp:featuredmedia":[{"embeddable":true,"href":"https:\/\/www.radiopresidenteibanez.cl\/web\/wp-json\/wp\/v2\/media\/3734"}],"wp:attachment":[{"href":"https:\/\/www.radiopresidenteibanez.cl\/web\/wp-json\/wp\/v2\/media?parent=13171"}],"wp:term":[{"taxonomy":"category","embeddable":true,"href":"https:\/\/www.radiopresidenteibanez.cl\/web\/wp-json\/wp\/v2\/categories?post=13171"},{"taxonomy":"post_tag","embeddable":true,"href":"https:\/\/www.radiopresidenteibanez.cl\/web\/wp-json\/wp\/v2\/tags?post=13171"}],"curies":[{"name":"wp","href":"https:\/\/api.w.org\/{rel}","templated":true}]}}