{"id":13168,"date":"2020-07-06T13:22:37","date_gmt":"2020-07-06T13:22:37","guid":{"rendered":"https:\/\/www.radiopresidenteibanez.cl\/web\/?p=13168"},"modified":"2020-07-06T13:22:41","modified_gmt":"2020-07-06T13:22:41","slug":"movimiento-pro-verde-busca-alternativas-a-la-tala-de-arboles-centenarios","status":"publish","type":"post","link":"https:\/\/www.radiopresidenteibanez.cl\/web\/movimiento-pro-verde-busca-alternativas-a-la-tala-de-arboles-centenarios\/","title":{"rendered":"MOVIMIENTO PRO-VERDE BUSCA ALTERNATIVAS A LA TALA DE \u00c1RBOLES CENTENARIOS"},"content":{"rendered":"\n<p>El Movimiento Pro-Verde est\u00e1 convocando&nbsp; a las organizaciones civiles de toda \u00edndole y comunidad en general, a manifestar su opini\u00f3n frente a la problem\u00e1tica tala de \u00e1rboles centenarios de Punta Arenas y a colaborar con propuestas para su soluci\u00f3n, bajo la visi\u00f3n de cuidado y protecci\u00f3n de las \u00e1reas verdes y en particular, de la plaza Benjam\u00edn Mu\u00f1oz Gamero, que cuenta con la categor\u00eda de Zona T\u00edpica de Monumentos Nacionales, desde el 22 de febrero de 1991, mediante Decreto Supremo&nbsp; N\u00b0 67 y que constituye un hito fundamental en la riqueza cultural y tur\u00edstica de Magallanes.<\/p>\n\n\n\n<p>La ma\u00f1ana del s\u00e1bado 04 de julio, miembros del movimiento Pro-Verde acudieron a una invitaci\u00f3n de la comisi\u00f3n de Medio Ambiente del Concejo Municipal de Punta Arenas, que preside Ver\u00f3nica Aguilar, para conocer en terreno la situaci\u00f3n de los \u00e1rboles centenarios incluidos en el Diagn\u00f3stico de \u00e1rboles longevos, que realiz\u00f3 la empresa Poda &amp; Talas Chile Limitada el a\u00f1o 2018, el cual ha sido citado por el alcalde Claudio Radonich, como fundamento para proceder a la tala de al menos 5 individuos de la plaza. Al recorrido asistieron los concejales Alejandro Soler y Mauricio Bahamondes, adem\u00e1s del profesional de la Direcci\u00f3n de Aseo y Ornato, Rodrigo Santana, entre otros.<\/p>\n\n\n\n<p>Como resultado de la visita en terreno y tras una larga conversaci\u00f3n, se acord\u00f3 que la concejala Ver\u00f3nica Aguilar solicitar\u00eda un aplazamiento de 10 d\u00edas para presentar una propuesta alternativa de parte de la ciudadan\u00eda. Gesti\u00f3n que fue concretada mediante una misiva que firmaron la mayor\u00eda de los concejales de Punta Arenas.<\/p>\n\n\n\n<p>La concejala Aguilar, se\u00f1al\u00f3 en un comunicado: \u201cAhora estamos a la espera de la respuesta (del alcalde), esperemos que acepte esta pr\u00f3rroga y nos permita consensuar una iniciativa, entendemos que la situaci\u00f3n es compleja pero creo que esto se debi\u00f3 haber conversado previamente, porque creemos que s\u00ed existen otras alternativas, que resguarden nuestro patrimonio, que protejan nuestro medio ambiente\u201d.<\/p>\n\n\n\n<p>Por su parte, el concejal Mauricio Bahamondes indic\u00f3: \u201cEntendemos la preocupaci\u00f3n por el bienestar de la gente, pero tambi\u00e9n tenemos claro que una medida como esta tiene que ser conversada. Hoy d\u00eda existen muchas otras opciones, muchas otras alternativas que muchos vecinos de la ciudad est\u00e1n dispuestos a compartir con la autoridad. Por eso, antes de encender la sierra y antes de cortar el \u00e1rbol, lo m\u00e1s importante es que tengamos la capacidad de escucharnos\u00bb.<\/p>\n\n\n\n<p>Ana Marlen Guerra, miembro del movimiento Pro-Verde expres\u00f3: \u201cResulta dif\u00edcil entender por qu\u00e9 pasaron dos a\u00f1os desde que se realiz\u00f3 el diagn\u00f3stico de la empresa Poda &amp; Talas Chile Limitada y reci\u00e9n en la sesi\u00f3n del Concejo Municipal efectuada el d\u00eda viernes 26 de junio del presente, fue mencionado y explicado escuetamente, para fundamentar la decisi\u00f3n de talar algunas especies de \u00e1rboles centenarios de la plaza Benjam\u00edn Mu\u00f1oz Gamero \u00bfQu\u00e9 pas\u00f3 durante estos dos \u00faltimos a\u00f1os? \u00bfPor qu\u00e9 no se inform\u00f3 a la comunidad o se elabor\u00f3 un plan de manejo en conjunto? Son algunas de las preguntas que nos hacemos como parte de la ciudadan\u00eda interesada en la protecci\u00f3n y mantenci\u00f3n de estos \u00e1rboles\u201d.<\/p>\n\n\n\n<p>Las organizaciones interesadas en entregar propuestas de soluci\u00f3n pueden contactarse escribiendo al mail:&nbsp;<a href=\"mailto:proverdepuntaarenas@gmail.com\">proverdepuntaarenas@gmail.com<\/a><\/p>\n","protected":false},"excerpt":{"rendered":"<p>El Movimiento Pro-Verde est\u00e1 convocando&nbsp; a las organizaciones civiles de toda \u00edndole y comunidad en general, a manifestar su opini\u00f3n frente a la problem\u00e1tica tala de \u00e1rboles centenarios de Punta&#8230; <a class=\"read-more\" href=\"https:\/\/www.radiopresidenteibanez.cl\/web\/movimiento-pro-verde-busca-alternativas-a-la-tala-de-arboles-centenarios\/\">Leer m\u00e1s<\/a><\/p>\n","protected":false},"author":2,"featured_media":13169,"comment_status":"closed","ping_status":"closed","sticky":false,"template":"","format":"standard","meta":{"footnotes":""},"categories":[1],"tags":[],"class_list":["post-13168","post","type-post","status-publish","format-standard","has-post-thumbnail","hentry","category-cronica"],"_links":{"self":[{"href":"https:\/\/www.radiopresidenteibanez.cl\/web\/wp-json\/wp\/v2\/posts\/13168","targetHints":{"allow":["GET"]}}],"collection":[{"href":"https:\/\/www.radiopresidenteibanez.cl\/web\/wp-json\/wp\/v2\/posts"}],"about":[{"href":"https:\/\/www.radiopresidenteibanez.cl\/web\/wp-json\/wp\/v2\/types\/post"}],"author":[{"embeddable":true,"href":"https:\/\/www.radiopresidenteibanez.cl\/web\/wp-json\/wp\/v2\/users\/2"}],"replies":[{"embeddable":true,"href":"https:\/\/www.radiopresidenteibanez.cl\/web\/wp-json\/wp\/v2\/comments?post=13168"}],"version-history":[{"count":0,"href":"https:\/\/www.radiopresidenteibanez.cl\/web\/wp-json\/wp\/v2\/posts\/13168\/revisions"}],"wp:featuredmedia":[{"embeddable":true,"href":"https:\/\/www.radiopresidenteibanez.cl\/web\/wp-json\/wp\/v2\/media\/13169"}],"wp:attachment":[{"href":"https:\/\/www.radiopresidenteibanez.cl\/web\/wp-json\/wp\/v2\/media?parent=13168"}],"wp:term":[{"taxonomy":"category","embeddable":true,"href":"https:\/\/www.radiopresidenteibanez.cl\/web\/wp-json\/wp\/v2\/categories?post=13168"},{"taxonomy":"post_tag","embeddable":true,"href":"https:\/\/www.radiopresidenteibanez.cl\/web\/wp-json\/wp\/v2\/tags?post=13168"}],"curies":[{"name":"wp","href":"https:\/\/api.w.org\/{rel}","templated":true}]}}