{"id":13166,"date":"2020-07-06T13:14:20","date_gmt":"2020-07-06T13:14:20","guid":{"rendered":"https:\/\/www.radiopresidenteibanez.cl\/web\/?p=13166"},"modified":"2020-07-06T13:14:25","modified_gmt":"2020-07-06T13:14:25","slug":"inversion-social-por-ernesto-sepulveda","status":"publish","type":"post","link":"https:\/\/www.radiopresidenteibanez.cl\/web\/inversion-social-por-ernesto-sepulveda\/","title":{"rendered":"INVERSI\u00d3N SOCIAL por Ernesto Sepulveda"},"content":{"rendered":"\n<p>Seg\u00fan informes del INE, la poblaci\u00f3n chilena super\u00f3 en 2020,\nlos 19 millones de personas. En el mismo per\u00edodo, hemos visto un paulatino\naumento de la tasa de desempleo, que lleg\u00f3 a 11,2% en el trimestre marzo, abril\ny mayo de 2020. Con una disminuci\u00f3n de m\u00e1s de un mill\u00f3n de personas en la\nfuerza de trabajo. En palabras simples, hasta el 2019 la fuerza de trabajo\nsuperaba los 9 millones de personas, y hoy escasamente llega a los 8 millones.\nNo s\u00f3lo ha aumentado el desempleo, tambi\u00e9n han disminuido, el n\u00famero de\npersonas buscando trabajo. Esto se explica por el cierre temporal, o\nderechamente, la quiebra de empresas; tambi\u00e9n por las medidas de control\nsanitario, que impiden el funcionamiento normal de otras. Como, por ejemplo, el\nsector gastron\u00f3mico, el sector hotelero, y los servicios tur\u00edsticos. El empleo\ninformal, aqu\u00e9l que no tiene seguridad social, ni estabilidad, ya tiene a un\nmill\u00f3n setecientas mil personas, entre sus filas.<\/p>\n\n\n\n<p>La situaci\u00f3n econ\u00f3mica del pa\u00eds, primero impactada el a\u00f1o pasado, por el estallido social del 18 de octubre. Y ahora vuelta a impactar, por la pandemia, tiene al pa\u00eds con los indicadores de crecimiento econ\u00f3mico, m\u00e1s malos desde la crisis de 2008, desde la crisis de 1982, y ya algunos se remontan a la crisis de los a\u00f1os 30\u2019.<\/p>\n\n\n\n<p>Es un escenario econ\u00f3mico adverso. El estado de Chile, bajo la actual administraci\u00f3n se ha visto forzado, a implementar sobre la marcha, pol\u00edticas econ\u00f3micas que buscan, devolverle dinamismo a la econom\u00eda. Se pretende, fortalecer la demanda agregada. Todos los pa\u00edses del mundo se han visto obligado, a abandonar transitoriamente, el monetarismo, y los dogmas del \u201cConsenso de Washington\u201d, implementando pol\u00edticas, inspiradas en el Neokeynesianismo. <\/p>\n\n\n\n<p>La conducci\u00f3n econ\u00f3mica en per\u00edodos de crisis, requiere de la construcci\u00f3n de amplios acuerdos, para conseguir respaldo. El rescate de un pa\u00eds de una situaci\u00f3n de calamidad, como la que se encuentra Chile, necesita del apoyo no s\u00f3lo de fuerzas pol\u00edticas diversas, sino tambi\u00e9n de una diversidad de actores del mundo productivo. Es el momento de la Gran Pol\u00edtica, no de las peque\u00f1eces, ni las peleas de caf\u00e9. <\/p>\n\n\n\n<p>Entraremos en un vertiginoso proceso electoral, a partir de octubre de este a\u00f1o, cuando se decida en plebiscito sobre al cambio de nuestra constituci\u00f3n.\u00a0 Continuar\u00e1 el pr\u00f3ximo con elecciones de gobernadores regionales, consejeros regionales, alcaldes y concejales, parlamentarios y presidente de la Rep\u00fablica. Esta circunstancia, que pareciera venir en los momentos m\u00e1s \u00e1lgidos de la pandemia, es en realidad la oportunidad de replantear nuestro futuro. La sociedad chilena, se encuentra exhausta, las familias est\u00e1n agotadas, estresadas, por el temor de la enfermedad y la p\u00e9rdida del empleo. El pueblo de Chile, a\u00fan espera que sus autoridades pol\u00edticas, de lado y lado, puedan estar a la altura del desaf\u00edo. <\/p>\n\n\n\n<p>No se puede aguardar a una elecci\u00f3n para resolver los\nproblemas. Es hoy cuando el hambre apremia. S\u00ed, esa palabra, que algunos nunca\nhan escuchado en sus vidas, y otros no quieren volver a escuchar. Se requiere\nde un alto sentido patri\u00f3tico y de altruismo, de entrega por el bien com\u00fan. EL\ngobierno deber\u00e1 replantearse una vez m\u00e1s, el alcance y la profundidad de las\nmedidas dise\u00f1adas por Hacienda. Y la oposici\u00f3n deber\u00e1 elaborar propuestas\ncreativas, originales, pero responsables fiscalmente, para resolver la\nangustia, y devolver una m\u00ednima tranquilidad a las familias.<\/p>\n\n\n\n<p>En una columna anterior, invitaba a \u201cPensar fuera de la caja\u201d, aludiendo a buscar soluciones nuevas, originales, innovadoras. No creo que sea momento de ideologismos. No se va a sustituir el capitalismo por otro sistema, en estos meses, ni tampoco se va a consolidar el modelo que expoli\u00f3 y destruy\u00f3, la protecci\u00f3n social chilena. Es momento de revisar todas las propuestas, e ir m\u00e1s all\u00e1 del en\u00e9simo cr\u00e9dito bancario, a la clase media. Invertir en las familias hoy, aunque signifique efectuar transferencias directas a las personas, ser\u00e1 la base sobre la cual podremos recuperar nuestra prosperidad futura.<\/p>\n\n\n\n<p>A palabras fuertes como hambre, cesant\u00eda, enfermedad, ofrezcamos palabras poderosas como:\u00a0 solidaridad, protecci\u00f3n, y trabajo digno.<\/p>\n\n\n\n<p>Ernesto Sep\u00falveda Tornero<\/p>\n","protected":false},"excerpt":{"rendered":"<p>Seg\u00fan informes del INE, la poblaci\u00f3n chilena super\u00f3 en 2020, los 19 millones de personas. En el mismo per\u00edodo, hemos visto un paulatino aumento de la tasa de desempleo, que&#8230; <a class=\"read-more\" href=\"https:\/\/www.radiopresidenteibanez.cl\/web\/inversion-social-por-ernesto-sepulveda\/\">Leer m\u00e1s<\/a><\/p>\n","protected":false},"author":2,"featured_media":2310,"comment_status":"closed","ping_status":"closed","sticky":false,"template":"","format":"standard","meta":{"footnotes":""},"categories":[1],"tags":[],"class_list":["post-13166","post","type-post","status-publish","format-standard","has-post-thumbnail","hentry","category-cronica"],"_links":{"self":[{"href":"https:\/\/www.radiopresidenteibanez.cl\/web\/wp-json\/wp\/v2\/posts\/13166","targetHints":{"allow":["GET"]}}],"collection":[{"href":"https:\/\/www.radiopresidenteibanez.cl\/web\/wp-json\/wp\/v2\/posts"}],"about":[{"href":"https:\/\/www.radiopresidenteibanez.cl\/web\/wp-json\/wp\/v2\/types\/post"}],"author":[{"embeddable":true,"href":"https:\/\/www.radiopresidenteibanez.cl\/web\/wp-json\/wp\/v2\/users\/2"}],"replies":[{"embeddable":true,"href":"https:\/\/www.radiopresidenteibanez.cl\/web\/wp-json\/wp\/v2\/comments?post=13166"}],"version-history":[{"count":0,"href":"https:\/\/www.radiopresidenteibanez.cl\/web\/wp-json\/wp\/v2\/posts\/13166\/revisions"}],"wp:featuredmedia":[{"embeddable":true,"href":"https:\/\/www.radiopresidenteibanez.cl\/web\/wp-json\/wp\/v2\/media\/2310"}],"wp:attachment":[{"href":"https:\/\/www.radiopresidenteibanez.cl\/web\/wp-json\/wp\/v2\/media?parent=13166"}],"wp:term":[{"taxonomy":"category","embeddable":true,"href":"https:\/\/www.radiopresidenteibanez.cl\/web\/wp-json\/wp\/v2\/categories?post=13166"},{"taxonomy":"post_tag","embeddable":true,"href":"https:\/\/www.radiopresidenteibanez.cl\/web\/wp-json\/wp\/v2\/tags?post=13166"}],"curies":[{"name":"wp","href":"https:\/\/api.w.org\/{rel}","templated":true}]}}