{"id":13163,"date":"2020-07-06T13:10:49","date_gmt":"2020-07-06T13:10:49","guid":{"rendered":"https:\/\/www.radiopresidenteibanez.cl\/web\/?p=13163"},"modified":"2020-07-06T13:10:59","modified_gmt":"2020-07-06T13:10:59","slug":"conectar-y-colaborar-acciones-fundamentales-para-enfrentar-la-crisis-economica","status":"publish","type":"post","link":"https:\/\/www.radiopresidenteibanez.cl\/web\/conectar-y-colaborar-acciones-fundamentales-para-enfrentar-la-crisis-economica\/","title":{"rendered":"CONECTAR Y COLABORAR, ACCIONES FUNDAMENTALES PARA ENFRENTAR LA CRISIS ECON\u00d3MICA"},"content":{"rendered":"\n<p>En momentos de crisis, la innovaci\u00f3n\nes lo \u00fanico que puede sacar adelante a una empresa o un emprendimiento. La\ncapacidad de innovar es la ventaja competitiva que nos puede ayudar a\nsobrevivir y es la clave que nos permitir\u00e1 crear valor para diferenciarnos de\nla competencia. <\/p>\n\n\n\n<p>Muchas innovaciones relevantes para\nla humanidad han surgido en tiempos de crisis. Podemos seguir haciendo lo mismo\ny quedarnos en el camino o generar cambios que nos permitan surgir y avanzar.<\/p>\n\n\n\n<p>En este sentido, y en los tiempos\nactuales con la emergencia generada por el Covid-19, la colaboraci\u00f3n es un\nfactor clave: conectarnos para colaborar y crear sinergias puede ser la forma\nen que muchas empresas y pymes logren salir adelante. Desde Corfo queremos\nconvertir a Chile en un pa\u00eds impulsado por la innovaci\u00f3n, entregando\nherramientas y promoviendo la colaboraci\u00f3n entre actores que permitan mejorar,\nsofisticar, diversificar y digitalizar la matriz productiva de manera\nsostenible e inclusiva. Es por ello que lanzamos este programa de apoyo que\npromueve la colaboraci\u00f3n y aunar esfuerzos para aumentar las probabilidades de\n\u00e9xito de nuestras pymes, sobrevivir y crecer en tiempos dif\u00edciles.<\/p>\n\n\n\n<p>Con el programa Conecta y Colabora,\nqueremos hacer frente a la amenaza actual del Covid-19, fomentando nuevas\nformas de hacer negocios que involucren las variables de aislamiento u otras\nque este virus trae consigo, con el fin de encontrar espacios colaborativos que\nhagan frente a esta dificultad. El programa apoyar\u00e1 con hasta $30 millones\naquellas iniciativas que busquen resolver los problemas que tienen las empresas\nchilenas hoy en d\u00eda, a trav\u00e9s de la innovaci\u00f3n y la colaboraci\u00f3n. <\/p>\n\n\n\n<p>Hacemos un llamado a las empresas,\nemprendedores, consultoras y organizaciones de la Regi\u00f3n de Magallanes a\nrevisar las bases de este programa y contactarnos para orientarlos en la\npostulaci\u00f3n. Conecta y Colabora, es una gran oportunidad para aprender a\ntrabajar de una forma distinta en tiempos de crisis.<\/p>\n","protected":false},"excerpt":{"rendered":"<p>En momentos de crisis, la innovaci\u00f3n es lo \u00fanico que puede sacar adelante a una empresa o un emprendimiento. La capacidad de innovar es la ventaja competitiva que nos puede&#8230; <a class=\"read-more\" href=\"https:\/\/www.radiopresidenteibanez.cl\/web\/conectar-y-colaborar-acciones-fundamentales-para-enfrentar-la-crisis-economica\/\">Leer m\u00e1s<\/a><\/p>\n","protected":false},"author":2,"featured_media":13164,"comment_status":"closed","ping_status":"closed","sticky":false,"template":"","format":"standard","meta":{"footnotes":""},"categories":[1],"tags":[],"class_list":["post-13163","post","type-post","status-publish","format-standard","has-post-thumbnail","hentry","category-cronica"],"_links":{"self":[{"href":"https:\/\/www.radiopresidenteibanez.cl\/web\/wp-json\/wp\/v2\/posts\/13163","targetHints":{"allow":["GET"]}}],"collection":[{"href":"https:\/\/www.radiopresidenteibanez.cl\/web\/wp-json\/wp\/v2\/posts"}],"about":[{"href":"https:\/\/www.radiopresidenteibanez.cl\/web\/wp-json\/wp\/v2\/types\/post"}],"author":[{"embeddable":true,"href":"https:\/\/www.radiopresidenteibanez.cl\/web\/wp-json\/wp\/v2\/users\/2"}],"replies":[{"embeddable":true,"href":"https:\/\/www.radiopresidenteibanez.cl\/web\/wp-json\/wp\/v2\/comments?post=13163"}],"version-history":[{"count":0,"href":"https:\/\/www.radiopresidenteibanez.cl\/web\/wp-json\/wp\/v2\/posts\/13163\/revisions"}],"wp:featuredmedia":[{"embeddable":true,"href":"https:\/\/www.radiopresidenteibanez.cl\/web\/wp-json\/wp\/v2\/media\/13164"}],"wp:attachment":[{"href":"https:\/\/www.radiopresidenteibanez.cl\/web\/wp-json\/wp\/v2\/media?parent=13163"}],"wp:term":[{"taxonomy":"category","embeddable":true,"href":"https:\/\/www.radiopresidenteibanez.cl\/web\/wp-json\/wp\/v2\/categories?post=13163"},{"taxonomy":"post_tag","embeddable":true,"href":"https:\/\/www.radiopresidenteibanez.cl\/web\/wp-json\/wp\/v2\/tags?post=13163"}],"curies":[{"name":"wp","href":"https:\/\/api.w.org\/{rel}","templated":true}]}}