{"id":1314,"date":"2019-02-10T20:29:52","date_gmt":"2019-02-10T20:29:52","guid":{"rendered":"http:\/\/www.radiopresidenteibanez.cl\/web\/?p=1314"},"modified":"2019-02-10T20:30:20","modified_gmt":"2019-02-10T20:30:20","slug":"daniel-jadue-en-cadena-radial-no-estoy-pensando-por-ahora-en-las-presidenciales-solo-se-que-ire-a-la-reeleccion-en-recoleta","status":"publish","type":"post","link":"https:\/\/www.radiopresidenteibanez.cl\/web\/daniel-jadue-en-cadena-radial-no-estoy-pensando-por-ahora-en-las-presidenciales-solo-se-que-ire-a-la-reeleccion-en-recoleta\/","title":{"rendered":"DANIEL JADUE EN CADENA RADIAL \u201cNO ESTOY PENSANDO POR AHORA EN LAS PRESIDENCIALES, SOLO SE QUE IR\u00c9 A LA REELECCI\u00d3N EN RECOLETA\u201d"},"content":{"rendered":"\n<p>El pasado s\u00e1bado se realiz\u00f3 una\ncadena radial, junto al actual alcalde de Recoleta Daniel Jadue, en la oportunidad\nlos periodistas y reportero, de las distintas radios que participaron de la\nactividad pudieron consultar sobre diferentes tem\u00e1ticas; como las farmacias, \u00f3pticas,\ninmobiliaria y universidad popular, as\u00ed tambi\u00e9n como ve la actual pol\u00edtica nacional.<\/p>\n\n\n\n<p>Uno de los temas de los que fue\nconsultado Daniel Jadue, fue si estaba pensando en las pr\u00f3ximas elecciones\npresidenciales, ante esto manifest\u00f3 que \u201crepresent\u00f3 al Partido Comunista, donde\nlos militantes debemos estar dispuestos a los que se nos pide, pero por ahora\nno estoy pensando en una presidencial, solo se que ir\u00e9 a la reelecci\u00f3n de la\nalcald\u00eda en Recoleta\u201d.<\/p>\n\n\n\n<p>Finalmente, tambi\u00e9n le consultamos\nsi cree que la oposici\u00f3n a\u00fan existe, a pesar de los distintos problemas que se\nhan presentado y las distancias que se marcan entre la Democracia Cristiana y\nel Frente Amplio \u201csi, sin duda que la oposici\u00f3n est\u00e1 presente, quiz\u00e1s no hemos\nhecho un trabajo visible y eso la comunidad lo extra\u00f1a, pero estamos presentes\u201d,\npuntualiz\u00f3 Daniel Jadue alcalde Comunista de la comuna de Recoleta.<\/p>\n","protected":false},"excerpt":{"rendered":"<p>El pasado s\u00e1bado se realiz\u00f3 una cadena radial, junto al actual alcalde de Recoleta Daniel Jadue, en la oportunidad los periodistas y reportero, de las distintas radios que participaron de&#8230; <a class=\"read-more\" href=\"https:\/\/www.radiopresidenteibanez.cl\/web\/daniel-jadue-en-cadena-radial-no-estoy-pensando-por-ahora-en-las-presidenciales-solo-se-que-ire-a-la-reeleccion-en-recoleta\/\">Leer m\u00e1s<\/a><\/p>\n","protected":false},"author":2,"featured_media":1030,"comment_status":"closed","ping_status":"closed","sticky":false,"template":"","format":"standard","meta":{"footnotes":""},"categories":[5],"tags":[],"class_list":["post-1314","post","type-post","status-publish","format-standard","has-post-thumbnail","hentry","category-politica"],"_links":{"self":[{"href":"https:\/\/www.radiopresidenteibanez.cl\/web\/wp-json\/wp\/v2\/posts\/1314","targetHints":{"allow":["GET"]}}],"collection":[{"href":"https:\/\/www.radiopresidenteibanez.cl\/web\/wp-json\/wp\/v2\/posts"}],"about":[{"href":"https:\/\/www.radiopresidenteibanez.cl\/web\/wp-json\/wp\/v2\/types\/post"}],"author":[{"embeddable":true,"href":"https:\/\/www.radiopresidenteibanez.cl\/web\/wp-json\/wp\/v2\/users\/2"}],"replies":[{"embeddable":true,"href":"https:\/\/www.radiopresidenteibanez.cl\/web\/wp-json\/wp\/v2\/comments?post=1314"}],"version-history":[{"count":0,"href":"https:\/\/www.radiopresidenteibanez.cl\/web\/wp-json\/wp\/v2\/posts\/1314\/revisions"}],"wp:featuredmedia":[{"embeddable":true,"href":"https:\/\/www.radiopresidenteibanez.cl\/web\/wp-json\/wp\/v2\/media\/1030"}],"wp:attachment":[{"href":"https:\/\/www.radiopresidenteibanez.cl\/web\/wp-json\/wp\/v2\/media?parent=1314"}],"wp:term":[{"taxonomy":"category","embeddable":true,"href":"https:\/\/www.radiopresidenteibanez.cl\/web\/wp-json\/wp\/v2\/categories?post=1314"},{"taxonomy":"post_tag","embeddable":true,"href":"https:\/\/www.radiopresidenteibanez.cl\/web\/wp-json\/wp\/v2\/tags?post=1314"}],"curies":[{"name":"wp","href":"https:\/\/api.w.org\/{rel}","templated":true}]}}