{"id":13127,"date":"2020-07-02T19:53:03","date_gmt":"2020-07-02T19:53:03","guid":{"rendered":"https:\/\/www.radiopresidenteibanez.cl\/web\/?p=13127"},"modified":"2020-07-02T19:53:07","modified_gmt":"2020-07-02T19:53:07","slug":"presidenta-regional-de-la-juventud-socialista-vanja-rogosich-no-se-puede-representar-una-federacion-sin-haber-realizado-una-votacion-para-elegir-dirigentes","status":"publish","type":"post","link":"https:\/\/www.radiopresidenteibanez.cl\/web\/presidenta-regional-de-la-juventud-socialista-vanja-rogosich-no-se-puede-representar-una-federacion-sin-haber-realizado-una-votacion-para-elegir-dirigentes\/","title":{"rendered":"PRESIDENTA REGIONAL DE LA JUVENTUD SOCIALISTA, VANJA ROGOSICH \u00abNO SE PUEDE REPRESENTAR UNA FEDERACI\u00d3N SIN HABER REALIZADO UNA VOTACI\u00d3N PARA ELEGIR DIRIGENTES\u00bb"},"content":{"rendered":"\n<p>Tras ser consultada la dirigente de la juventud socialista respecto a su parecer por la paralizaci\u00f3n\u00a0indefinida que anunciaron a trav\u00e9s de un comunicado de prensa alumnos de la Umag en representaci\u00f3n\u00a0de la federaci\u00f3n de estudiantes, Rogosich, indic\u00f3 que no se pueden llamar representantes sin haber sido electos por votaci\u00f3n.<\/p>\n\n\n\n<p>En estos tiempos los jovenes\u00a0estan\u00a0faltos de participaci\u00f3n, y un claro ejemplo de ello tiene que ver justamente con que no han logrado el qu\u00f3rum\u00a0suficiente para realizar una elecci\u00f3n de directiva de la federaci\u00f3n de estudiantes de la universidad\u00a0<\/p>\n\n\n\n<p>La votaci\u00f3n de este paro no se puede catalogar como transparente si fue realizada por redes sociales donde todos sabemos que esos votos pueden ser modificados, quiz\u00e1s\u00a0en esta ocasi\u00f3n no ocurri\u00f3\u00a0pero quedar\u00e1 la duda del resultado, finaliz\u00f3 indicando Vanja Rogosich, presidenta regional de la Juventud Socialista de Magallanes<br><\/p>\n\n\n\n<p>DMG<\/p>\n","protected":false},"excerpt":{"rendered":"<p>Tras ser consultada la dirigente de la juventud socialista respecto a su parecer por la paralizaci\u00f3n\u00a0indefinida que anunciaron a trav\u00e9s de un comunicado de prensa alumnos de la Umag en&#8230; <a class=\"read-more\" href=\"https:\/\/www.radiopresidenteibanez.cl\/web\/presidenta-regional-de-la-juventud-socialista-vanja-rogosich-no-se-puede-representar-una-federacion-sin-haber-realizado-una-votacion-para-elegir-dirigentes\/\">Leer m\u00e1s<\/a><\/p>\n","protected":false},"author":2,"featured_media":13066,"comment_status":"closed","ping_status":"closed","sticky":false,"template":"","format":"standard","meta":{"footnotes":""},"categories":[1],"tags":[],"class_list":["post-13127","post","type-post","status-publish","format-standard","has-post-thumbnail","hentry","category-cronica"],"_links":{"self":[{"href":"https:\/\/www.radiopresidenteibanez.cl\/web\/wp-json\/wp\/v2\/posts\/13127","targetHints":{"allow":["GET"]}}],"collection":[{"href":"https:\/\/www.radiopresidenteibanez.cl\/web\/wp-json\/wp\/v2\/posts"}],"about":[{"href":"https:\/\/www.radiopresidenteibanez.cl\/web\/wp-json\/wp\/v2\/types\/post"}],"author":[{"embeddable":true,"href":"https:\/\/www.radiopresidenteibanez.cl\/web\/wp-json\/wp\/v2\/users\/2"}],"replies":[{"embeddable":true,"href":"https:\/\/www.radiopresidenteibanez.cl\/web\/wp-json\/wp\/v2\/comments?post=13127"}],"version-history":[{"count":0,"href":"https:\/\/www.radiopresidenteibanez.cl\/web\/wp-json\/wp\/v2\/posts\/13127\/revisions"}],"wp:featuredmedia":[{"embeddable":true,"href":"https:\/\/www.radiopresidenteibanez.cl\/web\/wp-json\/wp\/v2\/media\/13066"}],"wp:attachment":[{"href":"https:\/\/www.radiopresidenteibanez.cl\/web\/wp-json\/wp\/v2\/media?parent=13127"}],"wp:term":[{"taxonomy":"category","embeddable":true,"href":"https:\/\/www.radiopresidenteibanez.cl\/web\/wp-json\/wp\/v2\/categories?post=13127"},{"taxonomy":"post_tag","embeddable":true,"href":"https:\/\/www.radiopresidenteibanez.cl\/web\/wp-json\/wp\/v2\/tags?post=13127"}],"curies":[{"name":"wp","href":"https:\/\/api.w.org\/{rel}","templated":true}]}}