{"id":13123,"date":"2020-07-02T18:56:45","date_gmt":"2020-07-02T18:56:45","guid":{"rendered":"https:\/\/www.radiopresidenteibanez.cl\/web\/?p=13123"},"modified":"2020-07-02T18:56:49","modified_gmt":"2020-07-02T18:56:49","slug":"mas-de-7-500-trabajadores-se-han-acogido-a-la-ley-de-proteccion-del-empleo","status":"publish","type":"post","link":"https:\/\/www.radiopresidenteibanez.cl\/web\/mas-de-7-500-trabajadores-se-han-acogido-a-la-ley-de-proteccion-del-empleo\/","title":{"rendered":"M\u00c1S DE 7.500 TRABAJADORES SE HAN ACOGIDO A LA LEY DE PROTECCI\u00d3N DEL EMPLEO"},"content":{"rendered":"\n<p>Luego de la publicaci\u00f3n de un nuevo\ninforme de la superintendencia de Pensiones con el balance del n\u00famero de trabajadores\nacogidos a la ley de protecci\u00f3n del empleo, la Seremi del Trabajo y Previsi\u00f3n\nSocial, Victoria Cort\u00e9s Schiattino, entreg\u00f3 nuevos datos regionales sobre la\ncantidad de magall\u00e1nicos beneficiados por esta norma a casi tres meses de su\nentrada en vigencia.<\/p>\n\n\n\n<p>Seg\u00fan declar\u00f3 la autoridad laboral,\nhasta el pasado 28 de junio de 2020, \u201cla ley de protecci\u00f3n del empleo ha\nlogrado dar cobertura a un total de 7.553 trabajadores con solicitudes\naprobadas de suspensi\u00f3n de contrato, de acuerdo al \u00faltimo informe emitido por\nla superintendencia de Pensiones, lo que significa m\u00e1s de mil empresas acogidas\nen la regi\u00f3n, donde adem\u00e1s se se\u00f1ala que, a nivel pa\u00eds, ya son m\u00e1s de 664 mil personas\nbeneficiadas por esta normativa\u201d.<\/p>\n\n\n\n<p>En lo que respecta al n\u00famero de\ntrabajadores de casa particular acogidas a la suspensi\u00f3n de contrato en\nMagallanes, a la fecha, se registra un total de 111 trabajadoras, en tanto, a\nnivel pa\u00eds, la cantidad asciende a m\u00e1s de 14 mil personas.<\/p>\n\n\n\n<p>A ellos se suman los trabajadores que\nhan optado por pactar una reducci\u00f3n temporal de la jornada laboral con su\nempleador. \u201cSeg\u00fan los datos entregados, hasta el mismo per\u00edodo del informe, el\ntotal de trabajadores que han registrado pactos por reducci\u00f3n de jornada\nlaboral alcanzan los 448 en la regi\u00f3n, lo que equivale a un 1,5% del total\nnacional que, a la fecha, ya supera los 30 mil trabajadores que se han acogido\na esta modalidad en el pa\u00eds\u201d, agreg\u00f3 la secretaria regional.<\/p>\n\n\n\n<p>El documento tambi\u00e9n da cuenta de los\nsectores productivos con mayor n\u00famero de trabajadores bajo esta ley, que son:\nComercio, con un total de 153 mil trabajadores; Construcci\u00f3n, con m\u00e1s de 134\nmil personas; y Actividades de Alojamiento y servicio de comidas, con sobre 114\nmil colaboradores acogidos a la normativa del total nacional.<\/p>\n\n\n\n<p>\u201cComo podemos apreciar, estos son\nn\u00fameros que han ido en un aumento constante y reflejan que esta ley ha sido una\nherramienta sumamente efectiva a la hora de mitigar el impacto de los\ndesempleos por la crisis sanitaria que estamos viviendo. El crecimiento m\u00e1s\nimportante del uso de esta normativa lo tuvimos durante la cuarentena, cuando\nse registr\u00f3 el mayor incremento, tanto en las suspensiones de contrato como en\nla reducci\u00f3n de la jornada. Sin perjuicio de esto, los n\u00fameros mantienen un\nalza sostenida, pero bastante menor que al principio\u201d, a\u00f1adi\u00f3 Cort\u00e9s. <\/p>\n\n\n\n<p>En cuanto al registro de cartas de\ndespido, el alza m\u00e1s fuerte se vio durante el pasado mes de marzo, \u201cno\nobstante, seguimos trabajando para mejorar esta ley, recordando que esta semana\nel Presidente Sebasti\u00e1n Pi\u00f1era, ingres\u00f3, en conjunto con la ministra del\nTrabajo y el ministro de Hacienda, un proyecto de ley que tiene por objeto\nfortalecer el seguro de cesant\u00eda y las coberturas de la ley de protecci\u00f3n al\nempleo, de forma tal que, como Gobierno, estamos constantemente pensando en el\ndise\u00f1o de mejores estrategias para beneficiar a nuestros trabajadores\u201d,\nconcluy\u00f3 la Seremi.<\/p>\n","protected":false},"excerpt":{"rendered":"<p>Luego de la publicaci\u00f3n de un nuevo informe de la superintendencia de Pensiones con el balance del n\u00famero de trabajadores acogidos a la ley de protecci\u00f3n del empleo, la Seremi&#8230; <a class=\"read-more\" href=\"https:\/\/www.radiopresidenteibanez.cl\/web\/mas-de-7-500-trabajadores-se-han-acogido-a-la-ley-de-proteccion-del-empleo\/\">Leer m\u00e1s<\/a><\/p>\n","protected":false},"author":2,"featured_media":13124,"comment_status":"closed","ping_status":"closed","sticky":false,"template":"","format":"standard","meta":{"footnotes":""},"categories":[1],"tags":[],"class_list":["post-13123","post","type-post","status-publish","format-standard","has-post-thumbnail","hentry","category-cronica"],"_links":{"self":[{"href":"https:\/\/www.radiopresidenteibanez.cl\/web\/wp-json\/wp\/v2\/posts\/13123","targetHints":{"allow":["GET"]}}],"collection":[{"href":"https:\/\/www.radiopresidenteibanez.cl\/web\/wp-json\/wp\/v2\/posts"}],"about":[{"href":"https:\/\/www.radiopresidenteibanez.cl\/web\/wp-json\/wp\/v2\/types\/post"}],"author":[{"embeddable":true,"href":"https:\/\/www.radiopresidenteibanez.cl\/web\/wp-json\/wp\/v2\/users\/2"}],"replies":[{"embeddable":true,"href":"https:\/\/www.radiopresidenteibanez.cl\/web\/wp-json\/wp\/v2\/comments?post=13123"}],"version-history":[{"count":0,"href":"https:\/\/www.radiopresidenteibanez.cl\/web\/wp-json\/wp\/v2\/posts\/13123\/revisions"}],"wp:featuredmedia":[{"embeddable":true,"href":"https:\/\/www.radiopresidenteibanez.cl\/web\/wp-json\/wp\/v2\/media\/13124"}],"wp:attachment":[{"href":"https:\/\/www.radiopresidenteibanez.cl\/web\/wp-json\/wp\/v2\/media?parent=13123"}],"wp:term":[{"taxonomy":"category","embeddable":true,"href":"https:\/\/www.radiopresidenteibanez.cl\/web\/wp-json\/wp\/v2\/categories?post=13123"},{"taxonomy":"post_tag","embeddable":true,"href":"https:\/\/www.radiopresidenteibanez.cl\/web\/wp-json\/wp\/v2\/tags?post=13123"}],"curies":[{"name":"wp","href":"https:\/\/api.w.org\/{rel}","templated":true}]}}