{"id":13120,"date":"2020-07-02T18:55:31","date_gmt":"2020-07-02T18:55:31","guid":{"rendered":"https:\/\/www.radiopresidenteibanez.cl\/web\/?p=13120"},"modified":"2020-07-02T18:55:35","modified_gmt":"2020-07-02T18:55:35","slug":"concejal-aguilante-solicito-arreglos-en-parque-de-biker-y-fiscalizar-denuncias-de-posibles-ventas-de-drogas","status":"publish","type":"post","link":"https:\/\/www.radiopresidenteibanez.cl\/web\/concejal-aguilante-solicito-arreglos-en-parque-de-biker-y-fiscalizar-denuncias-de-posibles-ventas-de-drogas\/","title":{"rendered":"CONCEJAL AGUILANTE SOLICITO ARREGLOS EN PARQUE DE BIKER Y FISCALIZAR DENUNCIAS DE POSIBLES VENTAS DE DROGAS"},"content":{"rendered":"\n<p>En una carta enviada al alcalde Claudio Radonich el concejal de la\ncomuna Jos\u00e9 Aguilante Mansilla plante\u00f3 la necesidad de realizar &nbsp;arreglos a los dos parques deportivos, uno de\nSkate y otro de Biker (bicicletas) que est\u00e1n ubicados en la plaza Centenario de\navenida Espa\u00f1a con Angamos.<\/p>\n\n\n\n<p>Esto en base a las solicitudes realizadas por los mismos j\u00f3venes\ndeportistas que ocupan ese espacio y quienes representados por su vocero\nFrancisco Lara dieron cuenta del estado de abandono y de serias deficiencias\nque presenta este lugar.<\/p>\n\n\n\n<p>Al lugar concurren muchos &nbsp;ni\u00f1os,\nni\u00f1as y j\u00f3venes que practican estos deportes en el parque (media) &nbsp;donde en los \u00faltimos d\u00edas se ha podido aprecias\nlos graves deterioros en las pistas, presencia de escombros y basura que va a\ndejar la gente y carencia de iluminaci\u00f3n en los postes que circundan la cancha,<\/p>\n\n\n\n<p>Favorablemente hace un par de d\u00edas, luego del llamado realizado por el\nconcejal y los deportistas por algunos medios de comunicaciones se pudo\napreciar la llegada de un cami\u00f3n con gr\u00faa mediante el cual se repuso parte del\nalumbrado lo cual agradecieron, ya que se pudo entregar parte de la soluci\u00f3n y\nrestablecer este servicio de luminarias que es vital, sobre todo en el\ninvierno.<\/p>\n\n\n\n<p>Tambi\u00e9n se solicit\u00f3 al alcalde que a trav\u00e9s del departamento de Aseo y\nOrnato Municipal se pueda efectuar una limpieza general del recinto. \u201cHay escombros\ny basura que los mismos j\u00f3venes han intentado desocupar, pero es necesario\nretirar el material de mayor volumen.\u201d <\/p>\n\n\n\n<p>Los j\u00f3venes comentaron que hace pocos d\u00edas un veh\u00edculo habr\u00eda chocado en\nlas inmediaciones y luego cay\u00f3 dentro del parque quedando partes del m\u00f3vil al\ninterior del parque.<\/p>\n\n\n\n<p>Tambi\u00e9n el concejal solicito al municipio realizar las denuncias\nrespectivas respecto a denuncias realizadas por los propios j\u00f3venes deportistas\nde la existencia de venta y consumo de drogas (marihuana) por parte de personas\najenas a quienes acuden a realizar actividades deportivas. Para lo cual el edil\npidi\u00f3 oficiar a la P.D.I a fin de realizar las investigaciones que sean\nnecesarias.<\/p>\n","protected":false},"excerpt":{"rendered":"<p>En una carta enviada al alcalde Claudio Radonich el concejal de la comuna Jos\u00e9 Aguilante Mansilla plante\u00f3 la necesidad de realizar &nbsp;arreglos a los dos parques deportivos, uno de Skate&#8230; <a class=\"read-more\" href=\"https:\/\/www.radiopresidenteibanez.cl\/web\/concejal-aguilante-solicito-arreglos-en-parque-de-biker-y-fiscalizar-denuncias-de-posibles-ventas-de-drogas\/\">Leer m\u00e1s<\/a><\/p>\n","protected":false},"author":2,"featured_media":13121,"comment_status":"closed","ping_status":"closed","sticky":false,"template":"","format":"standard","meta":{"footnotes":""},"categories":[1],"tags":[],"class_list":["post-13120","post","type-post","status-publish","format-standard","has-post-thumbnail","hentry","category-cronica"],"_links":{"self":[{"href":"https:\/\/www.radiopresidenteibanez.cl\/web\/wp-json\/wp\/v2\/posts\/13120","targetHints":{"allow":["GET"]}}],"collection":[{"href":"https:\/\/www.radiopresidenteibanez.cl\/web\/wp-json\/wp\/v2\/posts"}],"about":[{"href":"https:\/\/www.radiopresidenteibanez.cl\/web\/wp-json\/wp\/v2\/types\/post"}],"author":[{"embeddable":true,"href":"https:\/\/www.radiopresidenteibanez.cl\/web\/wp-json\/wp\/v2\/users\/2"}],"replies":[{"embeddable":true,"href":"https:\/\/www.radiopresidenteibanez.cl\/web\/wp-json\/wp\/v2\/comments?post=13120"}],"version-history":[{"count":0,"href":"https:\/\/www.radiopresidenteibanez.cl\/web\/wp-json\/wp\/v2\/posts\/13120\/revisions"}],"wp:featuredmedia":[{"embeddable":true,"href":"https:\/\/www.radiopresidenteibanez.cl\/web\/wp-json\/wp\/v2\/media\/13121"}],"wp:attachment":[{"href":"https:\/\/www.radiopresidenteibanez.cl\/web\/wp-json\/wp\/v2\/media?parent=13120"}],"wp:term":[{"taxonomy":"category","embeddable":true,"href":"https:\/\/www.radiopresidenteibanez.cl\/web\/wp-json\/wp\/v2\/categories?post=13120"},{"taxonomy":"post_tag","embeddable":true,"href":"https:\/\/www.radiopresidenteibanez.cl\/web\/wp-json\/wp\/v2\/tags?post=13120"}],"curies":[{"name":"wp","href":"https:\/\/api.w.org\/{rel}","templated":true}]}}