{"id":13117,"date":"2020-07-02T18:53:32","date_gmt":"2020-07-02T18:53:32","guid":{"rendered":"https:\/\/www.radiopresidenteibanez.cl\/web\/?p=13117"},"modified":"2020-07-02T18:53:36","modified_gmt":"2020-07-02T18:53:36","slug":"alcalde-de-natales-muestra-preocupacion-por-nula-respuesta-de-transporte-sobre-solicitud-de-subsidio-maritimo","status":"publish","type":"post","link":"https:\/\/www.radiopresidenteibanez.cl\/web\/alcalde-de-natales-muestra-preocupacion-por-nula-respuesta-de-transporte-sobre-solicitud-de-subsidio-maritimo\/","title":{"rendered":"ALCALDE DE NATALES MUESTRA PREOCUPACI\u00d3N POR NULA RESPUESTA DE TRANSPORTE SOBRE SOLICITUD DE SUBSIDIO MAR\u00cdTIMO"},"content":{"rendered":"\n<p>Preocupado se mostr\u00f3\nel alcalde de la comuna de Natales, Fernando Paredes Mansilla, esto a ra\u00edz de\nla nula respuesta de transporte sobre una solicitud de subvenci\u00f3n de transporte\nmar\u00edtimo para los m\u00e1s de cien vecinos que residen en la pen\u00ednsula Antonio\nVaras, distante a 5 minutos de navegaci\u00f3n con la ciudad.<\/p>\n\n\n\n<p>Al respecto,\nel edil se\u00f1al\u00f3 que ha oficiado a la Ministra de Transporte y Telecomunicaciones,\nGloria Hutt Hesse, enviando un documento manifestando la preocupaci\u00f3n y\nsolicitando dar se\u00f1ales claras sobre una petici\u00f3n efectuada hace m\u00e1s de un a\u00f1o\ny que hasta la fecha no han tenido un respuesta concreta sobre una subvenci\u00f3n\nal transporte mar\u00edtimo que beneficia a muchas familias del sector, \u201cnos\nenteramos por la prensa que se ha entregado un subsidio para los habitantes de\nla comuna de Rio Verde, y siento que es una noticia muy positiva para la\nprovincia de Magallanes, pero la verdad sea dicha, sigue pendiente la respuesta\npara los habitantes de la pen\u00ednsula Antonio Varas. He reiterado mediante oficio\ndirigido a la Ministra de Transporte nuevamente esta solicitud, ha llegado el\nmomento de exigir a las autoridades de gobierno una pronta soluci\u00f3n\u201d.<\/p>\n\n\n\n<p>Asimismo, agreg\u00f3\nque como alcalde es absolutamente necesario contar hoy con un subsidio que\nregule los valores del transporte mar\u00edtimo, pero, adem\u00e1s, que le permita\nentregar garant\u00edas para poder trasladarse desde un lugar a otro, situaci\u00f3n que\nen la actualidad no ocurre, a diferencia de otras comunas que cuentan con el\nbeneficio, dejando en desmedro a un n\u00famero importantes de familias que se\nencuentran aislados a solo 10 minutos v\u00eda mar\u00edtima con el sector urbano de\nPuerto Natales.<\/p>\n\n\n\n<p>Finalmente,\nFernando Paredes se\u00f1al\u00f3 que existen necesidades b\u00e1sicas esenciales para los\npobladores que los obliga a conectarse con la ciudad, tales como los chequeos\nm\u00e9dicos, las compras diarias para el hogar y tramites p\u00fablicos que deben\ncumplir, \u201clo peor que le puede pasar a un vecino de una comuna es sentir esta\ncondici\u00f3n de aislamiento, es efectivo que los vecinos deben hacer tr\u00e1mites de\nsalud y compras, y hoy no lo pueden hacer, al no contar con un servicio y una\nfrecuencia\u201d.<\/p>\n","protected":false},"excerpt":{"rendered":"<p>Preocupado se mostr\u00f3 el alcalde de la comuna de Natales, Fernando Paredes Mansilla, esto a ra\u00edz de la nula respuesta de transporte sobre una solicitud de subvenci\u00f3n de transporte mar\u00edtimo&#8230; <a class=\"read-more\" href=\"https:\/\/www.radiopresidenteibanez.cl\/web\/alcalde-de-natales-muestra-preocupacion-por-nula-respuesta-de-transporte-sobre-solicitud-de-subsidio-maritimo\/\">Leer m\u00e1s<\/a><\/p>\n","protected":false},"author":2,"featured_media":13118,"comment_status":"closed","ping_status":"closed","sticky":false,"template":"","format":"standard","meta":{"footnotes":""},"categories":[1],"tags":[],"class_list":["post-13117","post","type-post","status-publish","format-standard","has-post-thumbnail","hentry","category-cronica"],"_links":{"self":[{"href":"https:\/\/www.radiopresidenteibanez.cl\/web\/wp-json\/wp\/v2\/posts\/13117","targetHints":{"allow":["GET"]}}],"collection":[{"href":"https:\/\/www.radiopresidenteibanez.cl\/web\/wp-json\/wp\/v2\/posts"}],"about":[{"href":"https:\/\/www.radiopresidenteibanez.cl\/web\/wp-json\/wp\/v2\/types\/post"}],"author":[{"embeddable":true,"href":"https:\/\/www.radiopresidenteibanez.cl\/web\/wp-json\/wp\/v2\/users\/2"}],"replies":[{"embeddable":true,"href":"https:\/\/www.radiopresidenteibanez.cl\/web\/wp-json\/wp\/v2\/comments?post=13117"}],"version-history":[{"count":0,"href":"https:\/\/www.radiopresidenteibanez.cl\/web\/wp-json\/wp\/v2\/posts\/13117\/revisions"}],"wp:featuredmedia":[{"embeddable":true,"href":"https:\/\/www.radiopresidenteibanez.cl\/web\/wp-json\/wp\/v2\/media\/13118"}],"wp:attachment":[{"href":"https:\/\/www.radiopresidenteibanez.cl\/web\/wp-json\/wp\/v2\/media?parent=13117"}],"wp:term":[{"taxonomy":"category","embeddable":true,"href":"https:\/\/www.radiopresidenteibanez.cl\/web\/wp-json\/wp\/v2\/categories?post=13117"},{"taxonomy":"post_tag","embeddable":true,"href":"https:\/\/www.radiopresidenteibanez.cl\/web\/wp-json\/wp\/v2\/tags?post=13117"}],"curies":[{"name":"wp","href":"https:\/\/api.w.org\/{rel}","templated":true}]}}