{"id":13114,"date":"2020-07-02T18:52:12","date_gmt":"2020-07-02T18:52:12","guid":{"rendered":"https:\/\/www.radiopresidenteibanez.cl\/web\/?p=13114"},"modified":"2020-07-02T18:52:16","modified_gmt":"2020-07-02T18:52:16","slug":"concejal-aguilante-preocupa-desinteres-e-incumplimientos-del-municipio-con-los-consejo-comunales-de-la-sociedad-civil","status":"publish","type":"post","link":"https:\/\/www.radiopresidenteibanez.cl\/web\/concejal-aguilante-preocupa-desinteres-e-incumplimientos-del-municipio-con-los-consejo-comunales-de-la-sociedad-civil\/","title":{"rendered":"CONCEJAL AGUILANTE \u201cPREOCUPA DESINTER\u00c9S E INCUMPLIMIENTOS DEL MUNICIPIO CON LOS CONSEJO COMUNALES DE LA SOCIEDAD CIVIL."},"content":{"rendered":"\n<p>A juicio del concejal de la\ncomuna Jos\u00e9 Aguilante son numerosas las muestras de incumplimiento municipal\nque dejan en evidencia la escasa importancia que la actual administraci\u00f3n le ha\notorgado a los COSOC como herramienta fundamental de participaci\u00f3n ciudadana<\/p>\n\n\n\n<p>\u201cPoco y nada ha sido lo que se\nha avanzado en el municipio de Punta Arenas en estas materias, siendo tan\nimportante para la gesti\u00f3n municipal, seg\u00fan lo establece la le ley\u201d.-agreg\u00f3-<\/p>\n\n\n\n<p>El concejal denunci\u00f3 que ha\ntranscurrido casi medio a\u00f1o, y el alcalde a\u00fan no ha llamado a la constituci\u00f3n\nde este Concejo, impidiendo con ello que se pueda elegir los cargos directivos.\nEl pasado17 de Marzo de 2020 hubo un intento de citaci\u00f3n, que luego fue\nsuspendida por el propio alcalde.<\/p>\n\n\n\n<p>\u201cLo que hoy existe es un\nproceso incompleto, con votaciones realizadas en distintas fechas y de acuerdo\na la norma, tanto para organizaciones territoriales como funcionales, Es decir,\nhay un Consejo votado y electo, pero que a\u00fan no ha podido asumir porque no encontrarse\nconstituido.\u201d <\/p>\n\n\n\n<p>Seg\u00fan la ley Org\u00e1nica\nMunicipal, que regula el funcionamiento de este Consejo, se determina elegir, de entre sus\nmiembros, a su Vicepresidente, y<\/p>\n\n\n\n<p>a los miembros del Comit\u00e9 Ejecutivo, debiendo estar\nrepresentados en \u00e9l todos los estamentos. Dicho Comit\u00e9, adem\u00e1s, estar\u00e1\nintegrado por derecho propio por el vicepresidente y por el alcalde quien debe presidir el mismo.<\/p>\n\n\n\n<p>A juicio del concejal \u201ccontar\ncon una directiva completa facilitar\u00eda la ejecuci\u00f3n de las tareas y objetivos\npor los cuales, por ley de la Rep\u00fablica fueron creados estos Consejos.\u201d<\/p>\n\n\n\n<p>Es m\u00e1s, se da el caso que\nproducto de esta situaci\u00f3n an\u00f3mala&nbsp; el\nCosoc de Punta Arenas en la actualidad no ha podido elegir a sus dos\nrepresentantes en el Consejo Municipal de Seguridad P\u00fablica. Lo cual significa\nque hoy la ciudadan\u00eda no tiene representantes en el principal \u00f3rgano municipal\nde seguridad.<\/p>\n\n\n\n<p>Aguilante tambi\u00e9n resalt\u00f3 que con motivo de la realizaci\u00f3n de la\n\u00faltima la cuenta p\u00fablica que el Alcalde efectu\u00f3 de su gesti\u00f3n anual, seg\u00fan lo\ndispuesto en el art\u00edculo 67 de la Ley N\u00ba 18.695, Org\u00e1nica Constitucional de\nMunicipalidades; tampoco se habr\u00eda cumplido con entregarla al\nConsejo Comunal de la Sociedad Civil, situaci\u00f3n que impide su pronunciamiento,\ntanto en la verificaci\u00f3n como fiscalizaci\u00f3n de lo all\u00ed informado.<\/p>\n\n\n\n<p>&nbsp;Y lo que es m\u00e1s preocupante,\nalgunos integrantes del actual Consejo le habr\u00edan informado al concejal que\ntampoco fueron considerados durante&nbsp;el proceso\nde modificaci\u00f3n del Plan Regulador Comunal, situaci\u00f3n que\neventualmente podr\u00eda estar contraviniendo la ley, por lo cual se har\u00e1 las\nconsultas respectivas a la Contralor\u00eda &nbsp;Regional por parte del edil de Punta Arenas.<\/p>\n","protected":false},"excerpt":{"rendered":"<p>A juicio del concejal de la comuna Jos\u00e9 Aguilante son numerosas las muestras de incumplimiento municipal que dejan en evidencia la escasa importancia que la actual administraci\u00f3n le ha otorgado&#8230; <a class=\"read-more\" href=\"https:\/\/www.radiopresidenteibanez.cl\/web\/concejal-aguilante-preocupa-desinteres-e-incumplimientos-del-municipio-con-los-consejo-comunales-de-la-sociedad-civil\/\">Leer m\u00e1s<\/a><\/p>\n","protected":false},"author":2,"featured_media":13115,"comment_status":"closed","ping_status":"closed","sticky":false,"template":"","format":"standard","meta":{"footnotes":""},"categories":[1],"tags":[],"class_list":["post-13114","post","type-post","status-publish","format-standard","has-post-thumbnail","hentry","category-cronica"],"_links":{"self":[{"href":"https:\/\/www.radiopresidenteibanez.cl\/web\/wp-json\/wp\/v2\/posts\/13114","targetHints":{"allow":["GET"]}}],"collection":[{"href":"https:\/\/www.radiopresidenteibanez.cl\/web\/wp-json\/wp\/v2\/posts"}],"about":[{"href":"https:\/\/www.radiopresidenteibanez.cl\/web\/wp-json\/wp\/v2\/types\/post"}],"author":[{"embeddable":true,"href":"https:\/\/www.radiopresidenteibanez.cl\/web\/wp-json\/wp\/v2\/users\/2"}],"replies":[{"embeddable":true,"href":"https:\/\/www.radiopresidenteibanez.cl\/web\/wp-json\/wp\/v2\/comments?post=13114"}],"version-history":[{"count":0,"href":"https:\/\/www.radiopresidenteibanez.cl\/web\/wp-json\/wp\/v2\/posts\/13114\/revisions"}],"wp:featuredmedia":[{"embeddable":true,"href":"https:\/\/www.radiopresidenteibanez.cl\/web\/wp-json\/wp\/v2\/media\/13115"}],"wp:attachment":[{"href":"https:\/\/www.radiopresidenteibanez.cl\/web\/wp-json\/wp\/v2\/media?parent=13114"}],"wp:term":[{"taxonomy":"category","embeddable":true,"href":"https:\/\/www.radiopresidenteibanez.cl\/web\/wp-json\/wp\/v2\/categories?post=13114"},{"taxonomy":"post_tag","embeddable":true,"href":"https:\/\/www.radiopresidenteibanez.cl\/web\/wp-json\/wp\/v2\/tags?post=13114"}],"curies":[{"name":"wp","href":"https:\/\/api.w.org\/{rel}","templated":true}]}}