{"id":13109,"date":"2020-07-02T14:38:45","date_gmt":"2020-07-02T14:38:45","guid":{"rendered":"https:\/\/www.radiopresidenteibanez.cl\/web\/?p=13109"},"modified":"2020-07-02T14:38:48","modified_gmt":"2020-07-02T14:38:48","slug":"injuv-lanza-campana-de-recoleccion-de-panales-infantiles","status":"publish","type":"post","link":"https:\/\/www.radiopresidenteibanez.cl\/web\/injuv-lanza-campana-de-recoleccion-de-panales-infantiles\/","title":{"rendered":"INJUV LANZA CAMPA\u00d1A DE RECOLECCI\u00d3N DE PA\u00d1ALES INFANTILES"},"content":{"rendered":"\n<p>El Instituto Nacional de la Juventud (INJUV) Magallanes, dependiente de la Serem\u00eda de Desarrollo Social y Familia, realizar\u00e1 junto al \u201cVoluntariado Vive Bien Vive Feliz\u201d una campa\u00f1a de recolecci\u00f3n de pa\u00f1ales infantiles, en apoyo a los padres y madres j\u00f3venes afectados por la contingencia.<\/p>\n\n\n\n<p>El apoyo de INJUV Magallanes para la campa\u00f1a consistir\u00e1 en el financiamiento de un kit de seguridad (mascarillas, alcohol gel y guantes) para las 15 personas que integran el voluntariado, adem\u00e1s de poner a disposici\u00f3n sus instalaciones como centro de acopio.<\/p>\n\n\n\n<p>La Seremi de Desarrollo Social y Familia de Magallanes, Liz Casanueva, se\u00f1al\u00f3 que \u201cel objetivo de esta campa\u00f1a es entregar ayuda a las familias j\u00f3venes que tengan hijas\/os menores a tres a\u00f1os&nbsp; que utilicen pa\u00f1ales y que adem\u00e1s se encuentren perjudicados por los efectos econ\u00f3micos que ha provocado la pandemia en el pa\u00eds. La identificaci\u00f3n de estas familias, se concretar\u00e1 con el apoyo de los establecimientos educacionales vulnerables de la comuna, adem\u00e1s de algunas juntas de vecinos\u201d.<\/p>\n\n\n\n<p>Para el presidente de la organizaci\u00f3n \u201cVive Bien Vive Feliz\u201d, Nicol\u00e1s Soto \u201cesperamos que esta campa\u00f1a tenga respaldo de la comunidad, como todas las que se han estado gestionando, debido a que las familias j\u00f3venes muchas veces son invisibilizadas en la sociedad\u201d.<\/p>\n\n\n\n<p>La campa\u00f1a se mantendr\u00e1 activa durante todo el mes de julio y Direcci\u00f3n Regional de INJUV Magallanes, ubicada en Lautaro Navarro 631, servir\u00e1 como recepci\u00f3n de las donaciones, las que podr\u00e1n efectuarse de lunes a viernes, en un horario de 09:00 a 14:00 horas.<\/p>\n","protected":false},"excerpt":{"rendered":"<p>El Instituto Nacional de la Juventud (INJUV) Magallanes, dependiente de la Serem\u00eda de Desarrollo Social y Familia, realizar\u00e1 junto al \u201cVoluntariado Vive Bien Vive Feliz\u201d una campa\u00f1a de recolecci\u00f3n de&#8230; <a class=\"read-more\" href=\"https:\/\/www.radiopresidenteibanez.cl\/web\/injuv-lanza-campana-de-recoleccion-de-panales-infantiles\/\">Leer m\u00e1s<\/a><\/p>\n","protected":false},"author":2,"featured_media":13111,"comment_status":"closed","ping_status":"closed","sticky":false,"template":"","format":"standard","meta":{"footnotes":""},"categories":[1],"tags":[],"class_list":["post-13109","post","type-post","status-publish","format-standard","has-post-thumbnail","hentry","category-cronica"],"_links":{"self":[{"href":"https:\/\/www.radiopresidenteibanez.cl\/web\/wp-json\/wp\/v2\/posts\/13109","targetHints":{"allow":["GET"]}}],"collection":[{"href":"https:\/\/www.radiopresidenteibanez.cl\/web\/wp-json\/wp\/v2\/posts"}],"about":[{"href":"https:\/\/www.radiopresidenteibanez.cl\/web\/wp-json\/wp\/v2\/types\/post"}],"author":[{"embeddable":true,"href":"https:\/\/www.radiopresidenteibanez.cl\/web\/wp-json\/wp\/v2\/users\/2"}],"replies":[{"embeddable":true,"href":"https:\/\/www.radiopresidenteibanez.cl\/web\/wp-json\/wp\/v2\/comments?post=13109"}],"version-history":[{"count":0,"href":"https:\/\/www.radiopresidenteibanez.cl\/web\/wp-json\/wp\/v2\/posts\/13109\/revisions"}],"wp:featuredmedia":[{"embeddable":true,"href":"https:\/\/www.radiopresidenteibanez.cl\/web\/wp-json\/wp\/v2\/media\/13111"}],"wp:attachment":[{"href":"https:\/\/www.radiopresidenteibanez.cl\/web\/wp-json\/wp\/v2\/media?parent=13109"}],"wp:term":[{"taxonomy":"category","embeddable":true,"href":"https:\/\/www.radiopresidenteibanez.cl\/web\/wp-json\/wp\/v2\/categories?post=13109"},{"taxonomy":"post_tag","embeddable":true,"href":"https:\/\/www.radiopresidenteibanez.cl\/web\/wp-json\/wp\/v2\/tags?post=13109"}],"curies":[{"name":"wp","href":"https:\/\/api.w.org\/{rel}","templated":true}]}}