{"id":13106,"date":"2020-07-02T14:06:34","date_gmt":"2020-07-02T14:06:34","guid":{"rendered":"https:\/\/www.radiopresidenteibanez.cl\/web\/?p=13106"},"modified":"2020-07-02T14:06:38","modified_gmt":"2020-07-02T14:06:38","slug":"urbanismo-tactico-la-inedita-propuesta-del-minvu-regional-para-intervenir-el-centro-de-punta-arenas","status":"publish","type":"post","link":"https:\/\/www.radiopresidenteibanez.cl\/web\/urbanismo-tactico-la-inedita-propuesta-del-minvu-regional-para-intervenir-el-centro-de-punta-arenas\/","title":{"rendered":"URBANISMO T\u00c1CTICO: LA IN\u00c9DITA PROPUESTA DEL MINVU REGIONAL PARA INTERVENIR EL CENTRO DE PUNTA ARENAS"},"content":{"rendered":"\n<p>En los centros urbanos de diversos pa\u00edses&nbsp;como&nbsp;<strong>Nueva Zelanda<\/strong>,&nbsp;<strong>M\u00e9xico, Estados Unidos o Colombia<\/strong>, intervenir sectores estrat\u00e9gicos para mejorar las condiciones de movilidad para el peat\u00f3n resulta clave.&nbsp;Hoy en d\u00eda y a ra\u00edz de la pandemia del Covid-19, estos pa\u00edses y muchos otros,&nbsp;se est\u00e1n replanteando c\u00f3mo deben estar dise\u00f1adas las grandes urbes; esto por la gran cantidad de contagios que se producen tras el contacto cercano entre personas: Aqu\u00ed es donde entra el concepto de \u201curbanismo t\u00e1ctico\u201d.<\/p>\n\n\n\n<p>La estrategia se trata de que con peque\u00f1as acciones y de bajo costo, se genere un importante cambio en los h\u00e1bitos de las personas que circulan por un determinado sector de la ciudad. Por ejemplo:&nbsp;<strong>Se\u00f1al\u00e9ticas especiales, calles compartidas entre veh\u00edculo, bicicletas y peatones; \u00e1reas verdes, pinturas en las v\u00edas, disminuci\u00f3n de la calle en las intersecciones para que los peatones crucen con m\u00e1s seguridad<\/strong>, etc.<\/p>\n\n\n\n<p>En pocas palabras, el Urbanismo T\u00e1ctico se basa en intervenciones que ayudan a crear un laboratorio para la experimentaci\u00f3n. Casos en partes de Am\u00e9rica nos revelan los beneficios de adoptar este tipo de medidas de forma incremental en el proceso c\u00f3mo se construye una ciudad amigable con el peat\u00f3n; como una forma de asegurar una estrategia, los cambios a largo plazo usualmente tienen como origen un proceso que comienza con algo peque\u00f1o. Una vez implementado, los resultados pueden ser medidos y observados en tiempo real.<\/p>\n\n\n\n<p><strong><em>El centro de Punta Arenas: El lugar ideal para la implementaci\u00f3n<\/em><\/strong><\/p>\n\n\n\n<p>Entonces, \u00bfse puede aplicar esta innovadora t\u00e1ctica en nuestra&nbsp;capital regional? Arquitectos de la&nbsp;<strong>Divisi\u00f3n de Desarrollo Urbano<\/strong>&nbsp;de la Seremi de Vivienda y Urbanismo, en conjunto con el titular de la cartera en la regi\u00f3n,&nbsp;<strong>Jos\u00e9 Miguel Horcos<\/strong>, creen que poner en valor los espacios p\u00fablicos del centro puede resultar algo que cambie los h\u00e1bitos de circulaci\u00f3n en la ciudad, poniendo como prioridad al peat\u00f3n.<\/p>\n\n\n\n<p>\u00abMuchas veces, cuando caminamos por Bories, en las intersecciones con otras calles existe un momento de espera que genera&nbsp;agrupaci\u00f3n de personas. Si observamos bien, nos podemos dar cuenta que hay un espacio entre los veh\u00edculos&nbsp;y peatones que queda sin definici\u00f3n ni uso definido&nbsp;y es ah\u00ed donde proponemos innovar con t\u00e9cnicas de urbanismo t\u00e1ctico, algo r\u00e1pido y a bajo costo\u201d, destac\u00f3 el titular del Minvu en Magallanes.&nbsp;<\/p>\n\n\n\n<p>Por otra parte,&nbsp;la cartera de Vivienda y Urbanismo tiene el proyecto de consolidar una gran red de ciclov\u00edas en Punta Arenas, que est\u00e9n interconectadas y generar un circuito tanto funcional como recreativo.<\/p>\n\n\n\n<p>Habr\u00e1 un tramo de esta cicloruta que pasar\u00e1 por calle Bories que tambi\u00e9n considera mejorar las condiciones urbanas para el peat\u00f3n y vendr\u00eda a consolidar estos nuevos amplios cruces peatonales. \u201cEsto nos parece importante ya que&nbsp;de aqu\u00ed en adelante nos enfrentaremos a un nuevo cambio en nuestras vidas y ser\u00e1n las ciudades las primeras que se ver\u00e1n enfrentadas a este&nbsp;paradigma\u201d, concluy\u00f3 horcos.<\/p>\n\n\n\n<p><strong><em>El llamado a los municipios<\/em><\/strong><\/p>\n\n\n\n<p>El Minvu, invita a los municipios de la regi\u00f3n a postular al llamado especial de espacios p\u00fablicos; donde con tener un anteproyecto, puedan desarrollar intervenciones en las ciudades y se les otorgar\u00e1 6 mil UF para ejecutar obras en la comuna. La fecha de recepci\u00f3n de documentos en la Seremi de Vivienda y Urbanismo, ser\u00e1 hasta 15 de septiembre del presente a\u00f1o.<\/p>\n","protected":false},"excerpt":{"rendered":"<p>En los centros urbanos de diversos pa\u00edses&nbsp;como&nbsp;Nueva Zelanda,&nbsp;M\u00e9xico, Estados Unidos o Colombia, intervenir sectores estrat\u00e9gicos para mejorar las condiciones de movilidad para el peat\u00f3n resulta clave.&nbsp;Hoy en d\u00eda y a&#8230; <a class=\"read-more\" href=\"https:\/\/www.radiopresidenteibanez.cl\/web\/urbanismo-tactico-la-inedita-propuesta-del-minvu-regional-para-intervenir-el-centro-de-punta-arenas\/\">Leer m\u00e1s<\/a><\/p>\n","protected":false},"author":2,"featured_media":13107,"comment_status":"closed","ping_status":"closed","sticky":false,"template":"","format":"standard","meta":{"footnotes":""},"categories":[1],"tags":[],"class_list":["post-13106","post","type-post","status-publish","format-standard","has-post-thumbnail","hentry","category-cronica"],"_links":{"self":[{"href":"https:\/\/www.radiopresidenteibanez.cl\/web\/wp-json\/wp\/v2\/posts\/13106","targetHints":{"allow":["GET"]}}],"collection":[{"href":"https:\/\/www.radiopresidenteibanez.cl\/web\/wp-json\/wp\/v2\/posts"}],"about":[{"href":"https:\/\/www.radiopresidenteibanez.cl\/web\/wp-json\/wp\/v2\/types\/post"}],"author":[{"embeddable":true,"href":"https:\/\/www.radiopresidenteibanez.cl\/web\/wp-json\/wp\/v2\/users\/2"}],"replies":[{"embeddable":true,"href":"https:\/\/www.radiopresidenteibanez.cl\/web\/wp-json\/wp\/v2\/comments?post=13106"}],"version-history":[{"count":0,"href":"https:\/\/www.radiopresidenteibanez.cl\/web\/wp-json\/wp\/v2\/posts\/13106\/revisions"}],"wp:featuredmedia":[{"embeddable":true,"href":"https:\/\/www.radiopresidenteibanez.cl\/web\/wp-json\/wp\/v2\/media\/13107"}],"wp:attachment":[{"href":"https:\/\/www.radiopresidenteibanez.cl\/web\/wp-json\/wp\/v2\/media?parent=13106"}],"wp:term":[{"taxonomy":"category","embeddable":true,"href":"https:\/\/www.radiopresidenteibanez.cl\/web\/wp-json\/wp\/v2\/categories?post=13106"},{"taxonomy":"post_tag","embeddable":true,"href":"https:\/\/www.radiopresidenteibanez.cl\/web\/wp-json\/wp\/v2\/tags?post=13106"}],"curies":[{"name":"wp","href":"https:\/\/api.w.org\/{rel}","templated":true}]}}