{"id":13104,"date":"2020-07-02T14:02:51","date_gmt":"2020-07-02T14:02:51","guid":{"rendered":"https:\/\/www.radiopresidenteibanez.cl\/web\/?p=13104"},"modified":"2020-07-02T14:02:55","modified_gmt":"2020-07-02T14:02:55","slug":"pro-verde-se-refiere-a-la-tala-de-arboles-en-punta-arenas","status":"publish","type":"post","link":"https:\/\/www.radiopresidenteibanez.cl\/web\/pro-verde-se-refiere-a-la-tala-de-arboles-en-punta-arenas\/","title":{"rendered":"PRO-VERDE SE REFIERE A LA TALA DE \u00c1RBOLES EN PUNTA ARENAS"},"content":{"rendered":"\n<p>Hace\npoco menos de una semana, la prensa local inform\u00f3 que el municipio de Punta\nArenas, iniciar\u00e1 un proceso de tala de \u00e1rboles centenarios en la plaza Benjam\u00edn\nMu\u00f1oz Gamero y otros sitios de la comuna. Un procedimiento que no fue\nsocializado previamente con la ciudadan\u00eda y, que a primeras luces, resulta\narbitrario y alarmante. <\/p>\n\n\n\n<p>Como\njustificaci\u00f3n de esta medida, el municipio esboz\u00f3 el temor de que otros \u00e1rboles\na\u00f1osos podr\u00edan derrumbarse, como ocurri\u00f3 con un cipr\u00e9s el 24 de noviembre de\n2017, producto de rachas de 90 km\/hora. Raz\u00f3n por la cual, dicho individuo fue\ntalado desde su base, el 14 de julio de 2018, bajo compromiso de reposici\u00f3n con\nnuevas especies. Hecho que hasta hoy no se ha concretado. <\/p>\n\n\n\n<p>Nos\nllama la atenci\u00f3n que la \u00fanica fundamentaci\u00f3n para decidir la tala de \u00e1rboles,\nse base en un informe expuesto escuetamente en la sesi\u00f3n ordinaria N\u00b0 135 del\nConcejo de la Ilustre Municipalidad de Punta Arenas, que no fue informado a la\nciudadan\u00eda.<\/p>\n\n\n\n<p>En\neste escenario, queremos exponer a la opini\u00f3n p\u00fablica, nuestro prop\u00f3sito de\nagotar todas las instancias posibles, para mantener la protecci\u00f3n de estos\n\u00e1rboles, que en muchos casos datan de los albores del siglo pasado y que\ndurante toda su existencia nos han proporcionado ox\u00edgeno, un elemento vital en\ntiempos como el que transitamos, con la pandemia del Covid 19 en pleno\ndesarrollo y el inminente da\u00f1o que supone el cambio clim\u00e1tico para Chile, uno\nde los 10 pa\u00edses m\u00e1s afectados por esta situaci\u00f3n.<\/p>\n\n\n\n<p>Estos\ngigantes silenciosos, no solamente sirven de hogar para las aves que se posan\nen su ramaje, sino que tambi\u00e9n, agregan valor al patrimonio hist\u00f3rico y natural\nde la ciudad de Punta Arenas, por ello merecen todo nuestro respeto y un\ntratamiento especial. <\/p>\n\n\n\n<p>Hacemos\nun llamado a las autoridades locales, a proceder con coherencia y esp\u00edritu de\nequilibrio con el ambiente, del cual extraemos beneficios constantemente y al\nque hemos da\u00f1ado de m\u00faltiples formas, pensando que somos superiores. <\/p>\n\n\n\n<p>En\neste sentido, proponemos iniciar una pol\u00edtica participativa sobre el manejo y\nprotecci\u00f3n de las \u00e1reas verdes de nuestra comuna, que se base en principios tan\nprofundos como la humanidad y la empat\u00eda con todo lo que existe. Creemos que es\ndecisivo repensar la forma en que resolvemos los conflictos y las se\u00f1ales que\nles estamos enviando a las nuevas generaciones, pues para ellos todo lo que\nhacemos o dejamos de hacer es un aprendizaje.<\/p>\n\n\n\n<p>Avalan\nnuestra inquietud m\u00e1s de 1300 firmas en una campa\u00f1a que crece a cada minuto\ndiciendo NO A LA TALA DE \u00c1RBOLES EN PUNTA ARENAS.<\/p>\n\n\n\n<p><strong>Movimiento ciudadano Pro Verde<\/strong><\/p>\n","protected":false},"excerpt":{"rendered":"<p>Hace poco menos de una semana, la prensa local inform\u00f3 que el municipio de Punta Arenas, iniciar\u00e1 un proceso de tala de \u00e1rboles centenarios en la plaza Benjam\u00edn Mu\u00f1oz Gamero&#8230; <a class=\"read-more\" href=\"https:\/\/www.radiopresidenteibanez.cl\/web\/pro-verde-se-refiere-a-la-tala-de-arboles-en-punta-arenas\/\">Leer m\u00e1s<\/a><\/p>\n","protected":false},"author":2,"featured_media":740,"comment_status":"closed","ping_status":"closed","sticky":false,"template":"","format":"standard","meta":{"footnotes":""},"categories":[1],"tags":[],"class_list":["post-13104","post","type-post","status-publish","format-standard","has-post-thumbnail","hentry","category-cronica"],"_links":{"self":[{"href":"https:\/\/www.radiopresidenteibanez.cl\/web\/wp-json\/wp\/v2\/posts\/13104","targetHints":{"allow":["GET"]}}],"collection":[{"href":"https:\/\/www.radiopresidenteibanez.cl\/web\/wp-json\/wp\/v2\/posts"}],"about":[{"href":"https:\/\/www.radiopresidenteibanez.cl\/web\/wp-json\/wp\/v2\/types\/post"}],"author":[{"embeddable":true,"href":"https:\/\/www.radiopresidenteibanez.cl\/web\/wp-json\/wp\/v2\/users\/2"}],"replies":[{"embeddable":true,"href":"https:\/\/www.radiopresidenteibanez.cl\/web\/wp-json\/wp\/v2\/comments?post=13104"}],"version-history":[{"count":0,"href":"https:\/\/www.radiopresidenteibanez.cl\/web\/wp-json\/wp\/v2\/posts\/13104\/revisions"}],"wp:featuredmedia":[{"embeddable":true,"href":"https:\/\/www.radiopresidenteibanez.cl\/web\/wp-json\/wp\/v2\/media\/740"}],"wp:attachment":[{"href":"https:\/\/www.radiopresidenteibanez.cl\/web\/wp-json\/wp\/v2\/media?parent=13104"}],"wp:term":[{"taxonomy":"category","embeddable":true,"href":"https:\/\/www.radiopresidenteibanez.cl\/web\/wp-json\/wp\/v2\/categories?post=13104"},{"taxonomy":"post_tag","embeddable":true,"href":"https:\/\/www.radiopresidenteibanez.cl\/web\/wp-json\/wp\/v2\/tags?post=13104"}],"curies":[{"name":"wp","href":"https:\/\/api.w.org\/{rel}","templated":true}]}}